{"id":47765,"date":"2022-04-12T22:34:21","date_gmt":"2022-04-13T01:34:21","guid":{"rendered":"https:\/\/vocesparalelas.com.ar\/sitio\/?p=47765"},"modified":"2022-04-13T23:13:45","modified_gmt":"2022-04-14T02:13:45","slug":"se-extendio-la-presentacion-de-los-trabajos-para-el-concurso-cortometraje-ambiental-de-anchipurac-de-san-juan","status":"publish","type":"post","link":"https:\/\/vocesparalelas.com.ar\/sitio\/se-extendio-la-presentacion-de-los-trabajos-para-el-concurso-cortometraje-ambiental-de-anchipurac-de-san-juan\/","title":{"rendered":"Se extendi\u00f3 la presentaci\u00f3n de los trabajos para el Concurso Cortometraje Ambiental de Anchipurac de San Juan"},"content":{"rendered":"<p>El viernes pasado se realiz\u00f3 un conversatorio v\u00eda Zoom con docentes interesados en participar del Cortometraje Ambiental.<\/p>\n<p>El objetivo del encuentro virtual era guiar a los maestros y profesores en la realizaci\u00f3n t\u00e9cnica del corto. Sin embargo, tambi\u00e9n sirvi\u00f3 para hacer conocer un pedido: los docentes conectados al Encuentro y representando a otros que no pudieron participar de la actividad virtual, solicitaron m\u00e1s tiempo para la presentaci\u00f3n del material audiovisual, y desde la Secretar\u00eda de Estado de Ambiente y Desarrollo Sustentable, a trav\u00e9s de Anchipurac se dio lugar al requerimiento: el plazo de entrega que era el 15 de Abril se extendi\u00f3 hasta el Lunes, 18 de Abril, a las 18 horas.<\/p>\n<p>Adem\u00e1s, se determin\u00f3 que el tiempo m\u00e1ximo de duraci\u00f3n del video pasara de 2 minutos a 2 minutos con 30 segundos. El certamen est\u00e1 destinado a alumnos de 4\u00ba, 5\u00ba y 6\u00ba de primaria y 1\u00ba, 2\u00ba y 3\u00ba de secundaria. Y habr\u00e1 premios para cada estudiante de los cursos ganadores.<\/p>\n<p>El 2 de abril, D\u00eda de la Tierra, se premiar\u00e1n las obras ganadoras. El objetivo principal del concurso no est\u00e1 relacionado con la calidad t\u00e9cnica del producto, sino con el mensaje ambiental que busquen comunicar los estudiantes de 4\u00ba, 5\u00ba y 6\u00ba de primaria y 1\u00ba, 2\u00ba y 3\u00ba de secundaria, que son quienes pueden participar.<\/p>\n<p>En este contexto, las tem\u00e1ticas a representar en los cortos son: consumismo, residuos y cambio clim\u00e1tico. En cuanto a los premios, habr\u00e1 uno para cada estudiante de los cursos ganadores.<\/p>\n<p>Esta convocatoria utiliza los cortometrajes como herramientas de mensajes positivos sobre las acciones humanas y qu\u00e9 se debe hacer en beneficio del ambiente, provocando un impacto directo en el desarrollo y bienestar social, mediante un equilibrio en la convivencia y una vida sana, trabajando desde la reflexi\u00f3n, la transformaci\u00f3n de la comunidad, la construcci\u00f3n de estilos de vida saludables y la participaci\u00f3n activa de los j\u00f3venes, explican desde Ambiente.<\/p>\n<p>Para este certamen no importa la calidad de la imagen, es decir, se pueden grabar con cualquier celular o c\u00e1mara. Solo solicitan imagen y sonido aceptables para la comprensi\u00f3n del corto. Lo que tendr\u00e1 en cuenta el jurado es el mensaje de cada obra. Debe ser sensibilizador y que llame a la conciencia colectiva en el cuidado, protecci\u00f3n y conservaci\u00f3n del ambiente. Por supuesto que el esfuerzo en esta actividad art\u00edstica ambiental tendr\u00e1 premio para cada uno de los alumnos de los 2 cursos ganadores.<\/p>\n<p>A los de Primaria se les entregar\u00e1 una linterna que se recarga con un sistema de d\u00ednamo y los de secundaria recibir\u00e1n un cargador solar para tablets y celulares. Ambos tipos de premios se encuadran dentro de la categor\u00eda ecol\u00f3gicos por no usar energ\u00eda el\u00e9ctrica para su carga.<\/p>\n<p>Adem\u00e1s, los chicos recibir\u00e1n medallas y un certificado para cada curso. Para mayor informaci\u00f3n y para inscripci\u00f3n en el concurso se puede ingresar a la p\u00e1gina del Centro Ambiental sanjuanino <a href=\"http:\/\/www.anchipurac.com\">http:\/\/www.anchipurac.com <\/a>\u00a0 o s\u00f3lo para inscripci\u00f3n el interesado puede entrar directamente a este enlace <a href=\"https:\/\/forms.gle\/hZo9iEMkpDjcQT3z8\">https:\/\/forms.gle\/hZo9iEMkpDjcQT3z8<\/a>\u00a0y llenar el formulario.<\/p>\n<p>Tomando en cuenta esto, los jurados que deber\u00e1n deliberar sobre los trabajos y elegir los ganadores son: el secretario de Estado de Ambiente y Desarrollo Sustentable, Francisco Guevara; la directora del Centro Ambiental Anchipurac, Arq. Claudia Agnelli, el director de Articulaci\u00f3n de la SEAyDS, Lic. Nicolas Espejo; la vicerrectora de ENERC Cuyo, Lic. Ana Pelichotti; y la Mg. en Arte P\u00fablico, Lic. Mariela Limerutti.<\/p>\n<p><img loading=\"lazy\" decoding=\"async\" class=\"alignnone size-full wp-image-37935\" src=\"https:\/\/vocesparalelas.com.ar\/sitio\/wp-content\/uploads\/2021\/05\/ANCHIPURAC-AMBIENTE.jpg\" alt=\"\" width=\"800\" height=\"500\" srcset=\"https:\/\/vocesparalelas.com.ar\/sitio\/wp-content\/uploads\/2021\/05\/ANCHIPURAC-AMBIENTE.jpg 800w, https:\/\/vocesparalelas.com.ar\/sitio\/wp-content\/uploads\/2021\/05\/ANCHIPURAC-AMBIENTE-300x188.jpg 300w, https:\/\/vocesparalelas.com.ar\/sitio\/wp-content\/uploads\/2021\/05\/ANCHIPURAC-AMBIENTE-768x480.jpg 768w\" sizes=\"auto, (max-width: 800px) 100vw, 800px\" \/><\/p>\n<p>&nbsp;<\/p>\n<p>&nbsp;<\/p>\n","protected":false},"excerpt":{"rendered":"<p>El viernes pasado se realiz\u00f3 un conversatorio v\u00eda Zoom con docentes interesados en participar del Cortometraje Ambiental. El objetivo del<\/p>\n","protected":false},"author":3,"featured_media":16552,"comment_status":"closed","ping_status":"closed","sticky":false,"template":"","format":"standard","meta":{"_acf_changed":false,"_seopress_robots_primary_cat":"none","_seopress_titles_title":"","_seopress_titles_desc":"","_seopress_robots_index":"","colormag_page_container_layout":"default_layout","colormag_page_sidebar_layout":"default_layout","footnotes":""},"categories":[8],"tags":[],"class_list":["post-47765","post","type-post","status-publish","format-standard","has-post-thumbnail","hentry","category-concursos"],"acf":[],"_links":{"self":[{"href":"https:\/\/vocesparalelas.com.ar\/sitio\/wp-json\/wp\/v2\/posts\/47765","targetHints":{"allow":["GET"]}}],"collection":[{"href":"https:\/\/vocesparalelas.com.ar\/sitio\/wp-json\/wp\/v2\/posts"}],"about":[{"href":"https:\/\/vocesparalelas.com.ar\/sitio\/wp-json\/wp\/v2\/types\/post"}],"author":[{"embeddable":true,"href":"https:\/\/vocesparalelas.com.ar\/sitio\/wp-json\/wp\/v2\/users\/3"}],"replies":[{"embeddable":true,"href":"https:\/\/vocesparalelas.com.ar\/sitio\/wp-json\/wp\/v2\/comments?post=47765"}],"version-history":[{"count":1,"href":"https:\/\/vocesparalelas.com.ar\/sitio\/wp-json\/wp\/v2\/posts\/47765\/revisions"}],"predecessor-version":[{"id":47767,"href":"https:\/\/vocesparalelas.com.ar\/sitio\/wp-json\/wp\/v2\/posts\/47765\/revisions\/47767"}],"wp:featuredmedia":[{"embeddable":true,"href":"https:\/\/vocesparalelas.com.ar\/sitio\/wp-json\/wp\/v2\/media\/16552"}],"wp:attachment":[{"href":"https:\/\/vocesparalelas.com.ar\/sitio\/wp-json\/wp\/v2\/media?parent=47765"}],"wp:term":[{"taxonomy":"category","embeddable":true,"href":"https:\/\/vocesparalelas.com.ar\/sitio\/wp-json\/wp\/v2\/categories?post=47765"},{"taxonomy":"post_tag","embeddable":true,"href":"https:\/\/vocesparalelas.com.ar\/sitio\/wp-json\/wp\/v2\/tags?post=47765"}],"curies":[{"name":"wp","href":"https:\/\/api.w.org\/{rel}","templated":true}]}}