{"id":47753,"date":"2022-04-11T23:31:44","date_gmt":"2022-04-12T02:31:44","guid":{"rendered":"https:\/\/vocesparalelas.com.ar\/sitio\/?p=47753"},"modified":"2022-04-13T23:14:41","modified_gmt":"2022-04-14T02:14:41","slug":"una-salud-mental-que-implica-la-confluencia-de-varios-profesionales-para-lograr-calidad-de-vida-del-paciente","status":"publish","type":"post","link":"https:\/\/vocesparalelas.com.ar\/sitio\/una-salud-mental-que-implica-la-confluencia-de-varios-profesionales-para-lograr-calidad-de-vida-del-paciente\/","title":{"rendered":"Una Salud Mental que implica la confluencia de varios profesionales para lograr calidad de vida del paciente"},"content":{"rendered":"<p>Desde el Gobierno de Salud de la Naci\u00f3n, particip\u00f3 de una serie de actividades y una de ellas fue\u00a0un conversatorio de Salud Mental que se desarroll\u00f3 en el Centro C\u00edvico.<\/p>\n<p>Adem\u00e1s, la subsecretaria de Gesti\u00f3n de Servicios e Institutos del Ministerio de Salud de la Naci\u00f3n, Lic. Edith Benedetti y la directora Nacional de Salud Mental y Adicciones, Dra. Mariana Moreno, estuvieron presentes en la apertura de la refuncionalizaci\u00f3n del Hospital Polivalente \u00abDra. Julieta Lanteri\u00bb.<\/p>\n<p>En ese espacio de Salud Voces Paralelas entrevist\u00f3 a ambas referentes nacionales para profundizar sobre Salud Mental. Un tema muy preocupantes para los que la necesitan y desconocida para las que no la conocen. Una mirada muy compleja porque incluye una serie de profesionales que necesita el paciente para que el compromiso de incluir frente a la necesidad de ayudar a mejorar la calidad de vida de su n\u00facleo familiar o con el que se relaciona.<\/p>\n<p><iframe loading=\"lazy\" title=\"SALUD MENTAL\" width=\"800\" height=\"450\" src=\"https:\/\/www.youtube.com\/embed\/FoKZww6YcYI?feature=oembed\" frameborder=\"0\" allow=\"accelerometer; autoplay; clipboard-write; encrypted-media; gyroscope; picture-in-picture\" allowfullscreen><\/iframe><\/p>\n<p>&nbsp;<\/p>\n<p>&nbsp;<\/p>\n<p><img loading=\"lazy\" decoding=\"async\" class=\"alignnone size-full wp-image-47667\" src=\"https:\/\/vocesparalelas.com.ar\/sitio\/wp-content\/uploads\/2022\/04\/HOSPITAL-JULIETA-LANTERI02.jpg\" alt=\"\" width=\"800\" height=\"534\" srcset=\"https:\/\/vocesparalelas.com.ar\/sitio\/wp-content\/uploads\/2022\/04\/HOSPITAL-JULIETA-LANTERI02.jpg 800w, https:\/\/vocesparalelas.com.ar\/sitio\/wp-content\/uploads\/2022\/04\/HOSPITAL-JULIETA-LANTERI02-300x200.jpg 300w, https:\/\/vocesparalelas.com.ar\/sitio\/wp-content\/uploads\/2022\/04\/HOSPITAL-JULIETA-LANTERI02-768x513.jpg 768w\" sizes=\"auto, (max-width: 800px) 100vw, 800px\" \/><\/p>\n","protected":false},"excerpt":{"rendered":"<p>Desde el Gobierno de Salud de la Naci\u00f3n, particip\u00f3 de una serie de actividades y una de ellas fue\u00a0un conversatorio<\/p>\n","protected":false},"author":3,"featured_media":47729,"comment_status":"closed","ping_status":"closed","sticky":false,"template":"","format":"video","meta":{"_acf_changed":false,"_seopress_robots_primary_cat":"none","_seopress_titles_title":"","_seopress_titles_desc":"","_seopress_robots_index":"","colormag_page_container_layout":"default_layout","colormag_page_sidebar_layout":"default_layout","footnotes":""},"categories":[10,7],"tags":[],"class_list":["post-47753","post","type-post","status-publish","format-video","has-post-thumbnail","hentry","category-opiniones","category-videos","post_format-post-format-video"],"acf":[],"_links":{"self":[{"href":"https:\/\/vocesparalelas.com.ar\/sitio\/wp-json\/wp\/v2\/posts\/47753","targetHints":{"allow":["GET"]}}],"collection":[{"href":"https:\/\/vocesparalelas.com.ar\/sitio\/wp-json\/wp\/v2\/posts"}],"about":[{"href":"https:\/\/vocesparalelas.com.ar\/sitio\/wp-json\/wp\/v2\/types\/post"}],"author":[{"embeddable":true,"href":"https:\/\/vocesparalelas.com.ar\/sitio\/wp-json\/wp\/v2\/users\/3"}],"replies":[{"embeddable":true,"href":"https:\/\/vocesparalelas.com.ar\/sitio\/wp-json\/wp\/v2\/comments?post=47753"}],"version-history":[{"count":1,"href":"https:\/\/vocesparalelas.com.ar\/sitio\/wp-json\/wp\/v2\/posts\/47753\/revisions"}],"predecessor-version":[{"id":47755,"href":"https:\/\/vocesparalelas.com.ar\/sitio\/wp-json\/wp\/v2\/posts\/47753\/revisions\/47755"}],"wp:featuredmedia":[{"embeddable":true,"href":"https:\/\/vocesparalelas.com.ar\/sitio\/wp-json\/wp\/v2\/media\/47729"}],"wp:attachment":[{"href":"https:\/\/vocesparalelas.com.ar\/sitio\/wp-json\/wp\/v2\/media?parent=47753"}],"wp:term":[{"taxonomy":"category","embeddable":true,"href":"https:\/\/vocesparalelas.com.ar\/sitio\/wp-json\/wp\/v2\/categories?post=47753"},{"taxonomy":"post_tag","embeddable":true,"href":"https:\/\/vocesparalelas.com.ar\/sitio\/wp-json\/wp\/v2\/tags?post=47753"}],"curies":[{"name":"wp","href":"https:\/\/api.w.org\/{rel}","templated":true}]}}