{"id":47716,"date":"2022-04-08T21:18:08","date_gmt":"2022-04-09T00:18:08","guid":{"rendered":"https:\/\/vocesparalelas.com.ar\/sitio\/?p=47716"},"modified":"2022-04-10T23:22:09","modified_gmt":"2022-04-11T02:22:09","slug":"disfruta-san-juan-y-su-musica","status":"publish","type":"post","link":"https:\/\/vocesparalelas.com.ar\/sitio\/disfruta-san-juan-y-su-musica\/","title":{"rendered":"Disfruta \u00abSan Juan y su M\u00fasica\u201d"},"content":{"rendered":"<p>&nbsp;<\/p>\n<div class=\"g-container\">\n<div class=\"g-grid\">\n<div class=\"g-block size-100\">\n<div class=\"g-content\">\n<div class=\"platform-content row-fluid\">\n<div class=\"span12\">\n<div id=\"k2Container\" class=\"itemView\">\n<div class=\"cuerpo-principal\">\n<div class=\"itemBody\">\n<div class=\"itemFullText\">\n<p>El S\u00e1bado, 9 de Abril, comienza \u201cSan Juan y su M\u00fasica\u201d, un\u00a0programa del Ministerio de Turismo y Cultura del Gobierno de San Juan, que busca la reactivaci\u00f3n cultural en el territorio. En fines de semana, feriados y fechas conmemorativas los ciudadanos pueden disfrutar de recitales de m\u00fasicos de San Juan, que se realizan en distintos puntos tur\u00edsticos de la provincia.<\/p>\n<p>El objetivo principal de \u201cSan Juan y su M\u00fasica\u201d es\u00a0generar trabajo y promover el desarrollo de los artistas\u00a0y tambi\u00e9n acercar el arte a todas las personas. Por esto, el formato es local, con artistas de la provincia, y federal, por lo que recorrer\u00e1 los 19 departamentos llevando la m\u00fasica a todos los rincones.<\/p>\n<p>El programa consiste en aproximadamente 300 presentaciones en vivo, lo que da trabajo a un estimativo de 3.500 m\u00fasicos, 2.500 t\u00e9cnicos y 250 locutores. Los artistas son elegidos entre los que figuren en el Registro \u00danico Cultural (RUC). Por lo que, quienes quieran postularse para tocar deben inscribirse en el RUC<\/p>\n<p><a href=\"http:\/\/sanjuancultura.org\/form\/public\">http:\/\/sanjuancultura.org\/form\/public<\/a><\/p>\n<p>En caso de estar registrado, no es necesario volver a anotarse.<\/p>\n<p><span style=\"color: #339966;\"><strong>Programa<\/strong><\/span><\/p>\n<ul>\n<li>El S\u00e1bado, 9 de Abril Enpacto, Ta Feroz, Chiqui Brizuela y Chicle Malib\u00fa se presentar\u00e1n en la Plaza Centenario, Villa Krause, Rawson. Desde las 18.30 hs.; comienza el evento con la conducci\u00f3n de Juanjo Recabarren y Gisel Moreno.<\/li>\n<li>El Domingo, 10 de Abril, Gen\u00e9tica 3, Cuadros Colgados, Soledad Arranz, Fundente y Huaykil tocar\u00e1n en la Plaza Hip\u00f3lito Yrigoyen. El recital comienza a las 18.30 y es conducido por Lucho Linares y Silvina S\u00e1nchez.<\/li>\n<\/ul>\n<\/div>\n<\/div>\n<\/div>\n<\/div>\n<\/div>\n<\/div>\n<\/div>\n<\/div>\n<\/div>\n<\/div>\n<p>&nbsp;<\/p>\n<section id=\"g-debajo\">\n<div class=\"g-container\">\n<div class=\"g-grid\">\n<div class=\"g-block size-100\">\n<div class=\"g-content\">\n<div class=\"platform-content\">\n<div class=\"moduletable loultimo\">\n<div id=\"nsp-nsp-249\" class=\"nspMain loultimo activated\" data-config=\"{ 'animation_speed': 400, 'animation_interval': 5000, 'animation_function': 'Fx.Transitions.Expo.easeIn', 'news_column': 1, 'news_rows': 1, 'links_columns_amount': 2, 'links_amount': 3 }\">\n<div class=\"nspArts right\">\n<div class=\"nspArtScroll1\">\n<div class=\"nspArtScroll2 nspPages1\">\n<div class=\"nspArtPage active nspCol1\">\n<div class=\"nspArt nspCol1\"><\/div>\n<\/div>\n<\/div>\n<\/div>\n<\/div>\n<\/div>\n<\/div>\n<\/div>\n<\/div>\n<\/div>\n<\/div>\n<\/div>\n<\/section>\n","protected":false},"excerpt":{"rendered":"<p>&nbsp; El S\u00e1bado, 9 de Abril, comienza \u201cSan Juan y su M\u00fasica\u201d, un\u00a0programa del Ministerio de Turismo y Cultura del<\/p>\n","protected":false},"author":3,"featured_media":30061,"comment_status":"closed","ping_status":"closed","sticky":false,"template":"","format":"standard","meta":{"_acf_changed":false,"_seopress_robots_primary_cat":"none","_seopress_titles_title":"","_seopress_titles_desc":"","_seopress_robots_index":"","colormag_page_container_layout":"default_layout","colormag_page_sidebar_layout":"default_layout","footnotes":""},"categories":[20],"tags":[],"class_list":["post-47716","post","type-post","status-publish","format-standard","has-post-thumbnail","hentry","category-cartelera"],"acf":[],"_links":{"self":[{"href":"https:\/\/vocesparalelas.com.ar\/sitio\/wp-json\/wp\/v2\/posts\/47716","targetHints":{"allow":["GET"]}}],"collection":[{"href":"https:\/\/vocesparalelas.com.ar\/sitio\/wp-json\/wp\/v2\/posts"}],"about":[{"href":"https:\/\/vocesparalelas.com.ar\/sitio\/wp-json\/wp\/v2\/types\/post"}],"author":[{"embeddable":true,"href":"https:\/\/vocesparalelas.com.ar\/sitio\/wp-json\/wp\/v2\/users\/3"}],"replies":[{"embeddable":true,"href":"https:\/\/vocesparalelas.com.ar\/sitio\/wp-json\/wp\/v2\/comments?post=47716"}],"version-history":[{"count":2,"href":"https:\/\/vocesparalelas.com.ar\/sitio\/wp-json\/wp\/v2\/posts\/47716\/revisions"}],"predecessor-version":[{"id":47726,"href":"https:\/\/vocesparalelas.com.ar\/sitio\/wp-json\/wp\/v2\/posts\/47716\/revisions\/47726"}],"wp:featuredmedia":[{"embeddable":true,"href":"https:\/\/vocesparalelas.com.ar\/sitio\/wp-json\/wp\/v2\/media\/30061"}],"wp:attachment":[{"href":"https:\/\/vocesparalelas.com.ar\/sitio\/wp-json\/wp\/v2\/media?parent=47716"}],"wp:term":[{"taxonomy":"category","embeddable":true,"href":"https:\/\/vocesparalelas.com.ar\/sitio\/wp-json\/wp\/v2\/categories?post=47716"},{"taxonomy":"post_tag","embeddable":true,"href":"https:\/\/vocesparalelas.com.ar\/sitio\/wp-json\/wp\/v2\/tags?post=47716"}],"curies":[{"name":"wp","href":"https:\/\/api.w.org\/{rel}","templated":true}]}}