{"id":47708,"date":"2022-04-08T18:23:27","date_gmt":"2022-04-08T21:23:27","guid":{"rendered":"https:\/\/vocesparalelas.com.ar\/sitio\/?p=47708"},"modified":"2022-04-14T00:12:04","modified_gmt":"2022-04-14T03:12:04","slug":"visita-las-muestras-del-proyecto-grabado-2022-en-el-mpbafr-de-san-juan","status":"publish","type":"post","link":"https:\/\/vocesparalelas.com.ar\/sitio\/visita-las-muestras-del-proyecto-grabado-2022-en-el-mpbafr-de-san-juan\/","title":{"rendered":"Visita las muestras del \u00abProyecto Grabado 2022\u00bb en el MPBAFR de San Juan"},"content":{"rendered":"<p>El Museo Provincial de Bellas Artes Franklin Rawson de San Juan presenta su temporada \u00abProyecto Grabado 2022\u00bb con\u00a0 una propuesta art\u00edstica que\u00a0abarca muestras, talleres y seminarios.<\/p>\n<p>Las muestras permanecen hasta el Domingo, 26 de Junio.<\/p>\n<p>Con el apoyo de la Embajada de B\u00e9lgica en Argentina, la empresa Jan De Nul y colecciones privadas de Buenos Aires y Mendoza, esta edici\u00f3n se lleva adelante en articulaci\u00f3n con importantes instituciones que son sede de diversas acciones como la Universidad Nacional de San Juan; Tornamb\u00e9, Centro de Creaci\u00f3n y Museo de Artes Visuales y Centro Ambiental Anchipurac.<\/p>\n<p>En el MPBAFR\u00a0se exhiben tres muestras centrales\u00a0de \u201cProyecto Grabado 2022\u201d, acompa\u00f1adas de talleres de iniciaci\u00f3n en t\u00e9cnicas de grabado.<\/p>\n<p>Esta iniciativa surgi\u00f3 con la finalidad de poner en valor, difundir y dar continuidad al desarrollo del grabado como disciplina tradicional desde una mirada actual, potenciando la expresi\u00f3n art\u00edstica de la t\u00e9cnica.<\/p>\n<p>Proyecto Grabado 22 est\u00e1 pensado para realizarse de forma peri\u00f3dica, articulando la investigaci\u00f3n hist\u00f3rica con el accionar actual en este campo, permitiendo el acceso al conocimiento hist\u00f3rico-t\u00e9cnico para poner en pr\u00e1ctica esta disciplina en San Juan y el pa\u00eds.<\/p>\n<p><img loading=\"lazy\" decoding=\"async\" class=\"alignnone size-full wp-image-47711\" src=\"https:\/\/vocesparalelas.com.ar\/sitio\/wp-content\/uploads\/2022\/04\/MUSEO-GRABADO-01.jpg\" alt=\"\" width=\"800\" height=\"450\" srcset=\"https:\/\/vocesparalelas.com.ar\/sitio\/wp-content\/uploads\/2022\/04\/MUSEO-GRABADO-01.jpg 800w, https:\/\/vocesparalelas.com.ar\/sitio\/wp-content\/uploads\/2022\/04\/MUSEO-GRABADO-01-300x169.jpg 300w, https:\/\/vocesparalelas.com.ar\/sitio\/wp-content\/uploads\/2022\/04\/MUSEO-GRABADO-01-768x432.jpg 768w\" sizes=\"auto, (max-width: 800px) 100vw, 800px\" \/><\/p>\n<p><strong><span style=\"color: #339966;\">Las muestras<\/span><\/strong><\/p>\n<p>Las salas 1, 2 y 3 son los espacios que albergan las exposiciones de esta nueva temporada.<\/p>\n<p>En\u00a0sala 1, el museo tiene el honor de presentar, por primera vez en San Juan y el pa\u00eds, obras de grandes maestros del grabado. Bajo el nombre \u00abLa tradici\u00f3n del grabado\u00bb. Del Norte de Europa a Cuyo, la muestra re\u00fane m\u00e1s de 170 piezas y se organiza en dos n\u00facleos expositivos.<\/p>\n<p>Por su parte, el\u00a0Taller Popular de Serigraf\u00eda. A 20 a\u00f1os est\u00e1 disponible al p\u00fablico en sala 2, una muestra de serigraf\u00edas que re\u00fane m\u00e1s de 70 piezas del colectivo de activismo art\u00edstico nacido durante la revuelta social que estall\u00f3 en la Argentina el 19 y 20 de Diciembre de 2001.<\/p>\n<p>Por \u00faltimo,\u00a0en la sala 3, permanece el Proyecto \u201cRecuperaci\u00f3n y reedici\u00f3n de grabados\u201d, integrado por Silvina Mart\u00ednez, Facundo Gonz\u00e1lez y Ariel Aballay, que se desarrolla en el MPBAFR desde hace cuatro a\u00f1os.<\/p>\n<p>Esta propuesta tiene como objetivo reeditar grabados de artistas posmortem y algunos contempor\u00e1neos; especialmente, realizados en t\u00e9cnicas de aguafuerte y afines; xilograf\u00eda u otros procedimientos de grabado en relieve; con el prop\u00f3sito de preservar y dar a conocer el capital patrimonial de San Juan en la disciplina que nos ocupa.<\/p>\n<p>&nbsp;<\/p>\n<p><img loading=\"lazy\" decoding=\"async\" class=\"alignnone size-full wp-image-39924\" src=\"https:\/\/vocesparalelas.com.ar\/sitio\/wp-content\/uploads\/2021\/07\/MPBAFR-OBRA-02.jpg\" alt=\"\" width=\"800\" height=\"533\" srcset=\"https:\/\/vocesparalelas.com.ar\/sitio\/wp-content\/uploads\/2021\/07\/MPBAFR-OBRA-02.jpg 800w, https:\/\/vocesparalelas.com.ar\/sitio\/wp-content\/uploads\/2021\/07\/MPBAFR-OBRA-02-300x200.jpg 300w, https:\/\/vocesparalelas.com.ar\/sitio\/wp-content\/uploads\/2021\/07\/MPBAFR-OBRA-02-768x512.jpg 768w\" sizes=\"auto, (max-width: 800px) 100vw, 800px\" \/><\/p>\n<p>&nbsp;<\/p>\n<p>&nbsp;<\/p>\n","protected":false},"excerpt":{"rendered":"<p>El Museo Provincial de Bellas Artes Franklin Rawson de San Juan presenta su temporada \u00abProyecto Grabado 2022\u00bb con\u00a0 una propuesta<\/p>\n","protected":false},"author":3,"featured_media":47710,"comment_status":"closed","ping_status":"closed","sticky":false,"template":"","format":"standard","meta":{"_acf_changed":false,"_seopress_robots_primary_cat":"none","_seopress_titles_title":"","_seopress_titles_desc":"","_seopress_robots_index":"","colormag_page_container_layout":"default_layout","colormag_page_sidebar_layout":"default_layout","footnotes":""},"categories":[20],"tags":[],"class_list":["post-47708","post","type-post","status-publish","format-standard","has-post-thumbnail","hentry","category-cartelera"],"acf":[],"_links":{"self":[{"href":"https:\/\/vocesparalelas.com.ar\/sitio\/wp-json\/wp\/v2\/posts\/47708","targetHints":{"allow":["GET"]}}],"collection":[{"href":"https:\/\/vocesparalelas.com.ar\/sitio\/wp-json\/wp\/v2\/posts"}],"about":[{"href":"https:\/\/vocesparalelas.com.ar\/sitio\/wp-json\/wp\/v2\/types\/post"}],"author":[{"embeddable":true,"href":"https:\/\/vocesparalelas.com.ar\/sitio\/wp-json\/wp\/v2\/users\/3"}],"replies":[{"embeddable":true,"href":"https:\/\/vocesparalelas.com.ar\/sitio\/wp-json\/wp\/v2\/comments?post=47708"}],"version-history":[{"count":2,"href":"https:\/\/vocesparalelas.com.ar\/sitio\/wp-json\/wp\/v2\/posts\/47708\/revisions"}],"predecessor-version":[{"id":47826,"href":"https:\/\/vocesparalelas.com.ar\/sitio\/wp-json\/wp\/v2\/posts\/47708\/revisions\/47826"}],"wp:featuredmedia":[{"embeddable":true,"href":"https:\/\/vocesparalelas.com.ar\/sitio\/wp-json\/wp\/v2\/media\/47710"}],"wp:attachment":[{"href":"https:\/\/vocesparalelas.com.ar\/sitio\/wp-json\/wp\/v2\/media?parent=47708"}],"wp:term":[{"taxonomy":"category","embeddable":true,"href":"https:\/\/vocesparalelas.com.ar\/sitio\/wp-json\/wp\/v2\/categories?post=47708"},{"taxonomy":"post_tag","embeddable":true,"href":"https:\/\/vocesparalelas.com.ar\/sitio\/wp-json\/wp\/v2\/tags?post=47708"}],"curies":[{"name":"wp","href":"https:\/\/api.w.org\/{rel}","templated":true}]}}