{"id":47692,"date":"2022-04-07T21:42:36","date_gmt":"2022-04-08T00:42:36","guid":{"rendered":"https:\/\/vocesparalelas.com.ar\/sitio\/?p=47692"},"modified":"2022-04-08T01:42:56","modified_gmt":"2022-04-08T04:42:56","slug":"sin-barbijo-mas-vacunacion-y-con-salud-en-san-juan","status":"publish","type":"post","link":"https:\/\/vocesparalelas.com.ar\/sitio\/sin-barbijo-mas-vacunacion-y-con-salud-en-san-juan\/","title":{"rendered":"Sin barbijo m\u00e1s vacunaci\u00f3n y con salud en San Juan"},"content":{"rendered":"<p>El Consejo Federal de Salud durante la reuni\u00f3n y con la participaci\u00f3n de los Ministros de las 24 Jurisdicciones presidida por la Ministerio de Salud de la Naci\u00f3n, Dra. Carla Vizzotti, frente a los valores que arroja actualmente el apocamiento del coronavirus frente a la vacunaci\u00f3n contra el COVOV-19. Argentina va avanzando hacia la no pandemia.<\/p>\n<p>Por ello, la Jefa de Epidemiolog\u00eda del Ministerio de Salud P\u00fablica del Gobierno de San Juan, Dra. M\u00f3nica Jofr\u00e9 respondi\u00f3 las preguntas de Periodistas San Juan.<\/p>\n<p>&nbsp;<\/p>\n<p><iframe loading=\"lazy\" title=\"DRA M\u00d3NICA JOFR\u00c9\" width=\"800\" height=\"450\" src=\"https:\/\/www.youtube.com\/embed\/XMxWtGpGnmg?feature=oembed\" frameborder=\"0\" allow=\"accelerometer; autoplay; clipboard-write; encrypted-media; gyroscope; picture-in-picture\" allowfullscreen><\/iframe><\/p>\n<p>&nbsp;<\/p>\n<p>&nbsp;<\/p>\n<p>&nbsp;<\/p>\n","protected":false},"excerpt":{"rendered":"<p>El Consejo Federal de Salud durante la reuni\u00f3n y con la participaci\u00f3n de los Ministros de las 24 Jurisdicciones presidida<\/p>\n","protected":false},"author":3,"featured_media":47694,"comment_status":"closed","ping_status":"closed","sticky":false,"template":"","format":"video","meta":{"_acf_changed":false,"_seopress_robots_primary_cat":"none","_seopress_titles_title":"","_seopress_titles_desc":"","_seopress_robots_index":"","colormag_page_container_layout":"default_layout","colormag_page_sidebar_layout":"default_layout","footnotes":""},"categories":[1,7],"tags":[],"class_list":["post-47692","post","type-post","status-publish","format-video","has-post-thumbnail","hentry","category-destacadas","category-videos","post_format-post-format-video"],"acf":[],"_links":{"self":[{"href":"https:\/\/vocesparalelas.com.ar\/sitio\/wp-json\/wp\/v2\/posts\/47692","targetHints":{"allow":["GET"]}}],"collection":[{"href":"https:\/\/vocesparalelas.com.ar\/sitio\/wp-json\/wp\/v2\/posts"}],"about":[{"href":"https:\/\/vocesparalelas.com.ar\/sitio\/wp-json\/wp\/v2\/types\/post"}],"author":[{"embeddable":true,"href":"https:\/\/vocesparalelas.com.ar\/sitio\/wp-json\/wp\/v2\/users\/3"}],"replies":[{"embeddable":true,"href":"https:\/\/vocesparalelas.com.ar\/sitio\/wp-json\/wp\/v2\/comments?post=47692"}],"version-history":[{"count":1,"href":"https:\/\/vocesparalelas.com.ar\/sitio\/wp-json\/wp\/v2\/posts\/47692\/revisions"}],"predecessor-version":[{"id":47695,"href":"https:\/\/vocesparalelas.com.ar\/sitio\/wp-json\/wp\/v2\/posts\/47692\/revisions\/47695"}],"wp:featuredmedia":[{"embeddable":true,"href":"https:\/\/vocesparalelas.com.ar\/sitio\/wp-json\/wp\/v2\/media\/47694"}],"wp:attachment":[{"href":"https:\/\/vocesparalelas.com.ar\/sitio\/wp-json\/wp\/v2\/media?parent=47692"}],"wp:term":[{"taxonomy":"category","embeddable":true,"href":"https:\/\/vocesparalelas.com.ar\/sitio\/wp-json\/wp\/v2\/categories?post=47692"},{"taxonomy":"post_tag","embeddable":true,"href":"https:\/\/vocesparalelas.com.ar\/sitio\/wp-json\/wp\/v2\/tags?post=47692"}],"curies":[{"name":"wp","href":"https:\/\/api.w.org\/{rel}","templated":true}]}}