{"id":47655,"date":"2022-04-06T21:27:02","date_gmt":"2022-04-07T00:27:02","guid":{"rendered":"https:\/\/vocesparalelas.com.ar\/sitio\/?p=47655"},"modified":"2022-04-08T22:45:06","modified_gmt":"2022-04-09T01:45:06","slug":"xiv-edicion-del-premio-provincial-a-la-calidad","status":"publish","type":"post","link":"https:\/\/vocesparalelas.com.ar\/sitio\/xiv-edicion-del-premio-provincial-a-la-calidad\/","title":{"rendered":"XIV Edici\u00f3n del Premio Provincial a la Calidad"},"content":{"rendered":"<p>El Gobierno de San Juan realiz\u00f3 el\u00a0lanzamiento de la XIV Edici\u00f3n del Premio Provincial a la Calidad\u00a0y sus protagonistas contaron los beneficios de esta iniciativa. Cabe recordar que este galard\u00f3n es instituido por Ley Provincial N\u00ba 971-F (Ex N\u00b0 7.910) y constituye un reconocimiento oficial a las organizaciones p\u00fablicas y privadas que favorecen el mejoramiento de la calidad en los procesos de producci\u00f3n de bienes y servicios, contribuyendo a la excelencia organizacional.<\/p>\n<p>La Agencia de Desarrollo de Inversiones dependiente del Ministerio de Producci\u00f3n y Desarrollo Econ\u00f3mico es el ente encargado de la parte privada de este reconocido Premio, mientras que el Ministerio de Hacienda y Finanzas abarca al sector p\u00fablico. Desde el \u00e1mbito privado destacaron la importancia del reconocimiento e invitaron a las empresas a sumarse.<\/p>\n<p>El Director de Agencia San Juan de Desarrollo de Inversiones, CPN Fabian Ejarque explic\u00f3 lo que significa el Premio Provincial a la Calidad e invit\u00f3 a las empresas de San Juan a sumarse con su inscripci\u00f3n.<\/p>\n<p><iframe loading=\"lazy\" title=\"PREMIO CALIDAD SAN JUAN\" width=\"800\" height=\"450\" src=\"https:\/\/www.youtube.com\/embed\/qYi-c7YudwY?feature=oembed\" frameborder=\"0\" allow=\"accelerometer; autoplay; clipboard-write; encrypted-media; gyroscope; picture-in-picture\" allowfullscreen><\/iframe><\/p>\n<p>Posteriormente, la Secretaria de la Gesti\u00f3n P\u00fablica del Ministerio de Hacienda y Finanzas, CPN\u00a0Mar\u00eda Lorena L\u00f3pez Fredes puntualiz\u00f3 la necesidad de reforzar las pol\u00edticas p\u00fablicas para dar calidad de vida a la comunidad.<\/p>\n<p><iframe loading=\"lazy\" title=\"PREMIO CALIDAD SAN JUAN\" width=\"800\" height=\"450\" src=\"https:\/\/www.youtube.com\/embed\/cco6GOC5uWc?feature=oembed\" frameborder=\"0\" allow=\"accelerometer; autoplay; clipboard-write; encrypted-media; gyroscope; picture-in-picture\" allowfullscreen><\/iframe><\/p>\n<p>&nbsp;<\/p>\n<p>Finalmente, el\u00a0Ministro de Producci\u00f3n y Desarrollo Econ\u00f3mico, Ing.\u00a0Ariel Lucero, quien destac\u00f3 el trabajo que se viene realizando en todos los sectores productivos de San Juan.<\/p>\n<p>&nbsp;<\/p>\n<p><iframe loading=\"lazy\" title=\"PREMIO CALIDAD SAN JUAN\" width=\"800\" height=\"450\" src=\"https:\/\/www.youtube.com\/embed\/VU-uO3vy7h0?feature=oembed\" frameborder=\"0\" allow=\"accelerometer; autoplay; clipboard-write; encrypted-media; gyroscope; picture-in-picture\" allowfullscreen><\/iframe><\/p>\n<p>&nbsp;<\/p>\n<p><span style=\"color: #339966;\"><strong>Sobre el Premio y c\u00f3mo participar<\/strong><\/span><\/p>\n<p>Las instituciones podr\u00e1n participar en forma global \u201cPremio\u201d o en forma parcial \u201cDiplomas\u201d. Todas las empresas y reparticiones inscriptas recibir\u00e1n una capacitaci\u00f3n en calidad, donde al finalizar el proceso se les brinda un informe, o devoluci\u00f3n, sobre mejoras organizacionales a implementar.<\/p>\n<p>El Premio establece dos autoridades de aplicaci\u00f3n: en la categor\u00eda de organismos p\u00fablicos se designa a la Secretar\u00eda de la Gesti\u00f3n P\u00fablica y a la Agencia de Inversiones San Juan en el \u00e1mbito privado, constituy\u00e9ndose una Secretar\u00eda T\u00e9cnica integrada por representantes de ambas organizaciones y cuya funci\u00f3n es llevar adelante todas las tareas inherentes a la implementaci\u00f3n del Premio.<\/p>\n<p>Cuenta tambi\u00e9n con un Consejo Consultivo conformado por representantes destacados del \u00e1mbito acad\u00e9mico, pol\u00edtico, administrativo, empresarial y de la sociedad civil en general, con la funci\u00f3n de supervisar los informes presentados por el Jurado de Evaluadores y la selecci\u00f3n final de los organismos premiados. El Premio tambi\u00e9n convoca a profesionales de nuestro medio para desempe\u00f1ar el rol de evaluador, para lo cual reciben capacitaci\u00f3n por expertos en la materia.<\/p>\n<p>Los interesados deben inscribirse hasta el 22 de abril de 2022, completando el formulario correspondiente\u00a0<a href=\"http:\/\/www.premiocalidad.sanjuan.gob.ar\/\" target=\"_blank\" rel=\"noopener noreferrer\">en el sitio web<\/a>, donde encontrar\u00e1n toda la informaci\u00f3n disponible. Para mayor informaci\u00f3n est\u00e1n disponibles las siguientes l\u00edneas telef\u00f3nicas:<\/p>\n<ul>\n<li>Secretar\u00eda de la Gesti\u00f3n P\u00fablica: 4305992.<\/li>\n<li>Agencia de Inversiones San Juan: 4296072.<\/li>\n<\/ul>\n","protected":false},"excerpt":{"rendered":"<p>El Gobierno de San Juan realiz\u00f3 el\u00a0lanzamiento de la XIV Edici\u00f3n del Premio Provincial a la Calidad\u00a0y sus protagonistas contaron<\/p>\n","protected":false},"author":3,"featured_media":47658,"comment_status":"closed","ping_status":"closed","sticky":false,"template":"","format":"video","meta":{"_acf_changed":false,"_seopress_robots_primary_cat":"none","_seopress_titles_title":"","_seopress_titles_desc":"","_seopress_robots_index":"","colormag_page_container_layout":"default_layout","colormag_page_sidebar_layout":"default_layout","footnotes":""},"categories":[8,7],"tags":[],"class_list":["post-47655","post","type-post","status-publish","format-video","has-post-thumbnail","hentry","category-concursos","category-videos","post_format-post-format-video"],"acf":[],"_links":{"self":[{"href":"https:\/\/vocesparalelas.com.ar\/sitio\/wp-json\/wp\/v2\/posts\/47655","targetHints":{"allow":["GET"]}}],"collection":[{"href":"https:\/\/vocesparalelas.com.ar\/sitio\/wp-json\/wp\/v2\/posts"}],"about":[{"href":"https:\/\/vocesparalelas.com.ar\/sitio\/wp-json\/wp\/v2\/types\/post"}],"author":[{"embeddable":true,"href":"https:\/\/vocesparalelas.com.ar\/sitio\/wp-json\/wp\/v2\/users\/3"}],"replies":[{"embeddable":true,"href":"https:\/\/vocesparalelas.com.ar\/sitio\/wp-json\/wp\/v2\/comments?post=47655"}],"version-history":[{"count":1,"href":"https:\/\/vocesparalelas.com.ar\/sitio\/wp-json\/wp\/v2\/posts\/47655\/revisions"}],"predecessor-version":[{"id":47659,"href":"https:\/\/vocesparalelas.com.ar\/sitio\/wp-json\/wp\/v2\/posts\/47655\/revisions\/47659"}],"wp:featuredmedia":[{"embeddable":true,"href":"https:\/\/vocesparalelas.com.ar\/sitio\/wp-json\/wp\/v2\/media\/47658"}],"wp:attachment":[{"href":"https:\/\/vocesparalelas.com.ar\/sitio\/wp-json\/wp\/v2\/media?parent=47655"}],"wp:term":[{"taxonomy":"category","embeddable":true,"href":"https:\/\/vocesparalelas.com.ar\/sitio\/wp-json\/wp\/v2\/categories?post=47655"},{"taxonomy":"post_tag","embeddable":true,"href":"https:\/\/vocesparalelas.com.ar\/sitio\/wp-json\/wp\/v2\/tags?post=47655"}],"curies":[{"name":"wp","href":"https:\/\/api.w.org\/{rel}","templated":true}]}}