{"id":47641,"date":"2022-04-05T17:15:43","date_gmt":"2022-04-05T20:15:43","guid":{"rendered":"https:\/\/vocesparalelas.com.ar\/sitio\/?p=47641"},"modified":"2022-04-06T01:17:19","modified_gmt":"2022-04-06T04:17:19","slug":"ciclo-fortaleciendo-capacidades-para-elaborar-politicas-ambientales-de-cambio-climatico","status":"publish","type":"post","link":"https:\/\/vocesparalelas.com.ar\/sitio\/ciclo-fortaleciendo-capacidades-para-elaborar-politicas-ambientales-de-cambio-climatico\/","title":{"rendered":"Ciclo \u201cFortaleciendo Capacidades para elaborar pol\u00edticas ambientales de Cambio Clim\u00e1tico\u201d"},"content":{"rendered":"<p>Destinadas a funcionarios y equipos t\u00e9cnicos provinciales y municipales, profesionales, personal docente e investigadores universitarios, la Secretar\u00eda de Estado de Ambiente y Desarrollo Sustentable del Gobierno de San Juan convoca al ciclo de capacitaciones \u201cFortaleciendo Capacidades para elaborar pol\u00edticas ambientales de Cambio Clim\u00e1tico\u201d.<\/p>\n<p>Las capacitaciones son regionales y est\u00e1n coordinadas por la Direcci\u00f3n Nacional de Cambio Clim\u00e1tico del Ministerio de Ambiente y Desarrollo Sostenible, y cuentan con el apoyo del Consejo Federal de Medio Ambiente y el Instituto Nacional de la Administraci\u00f3n P\u00fablica. Estas tienen como objetivo brindar las herramientas necesarias para la evaluaci\u00f3n de los problemas vinculados al cambio clim\u00e1tico, y planificar acciones para hacer frente al mismo.<\/p>\n<p>Los temas que se tratar\u00e1n en las diferentes unidades son una Introducci\u00f3n al Cambio Clim\u00e1tico, en el que se abordar\u00e1 las bases conceptuales del cambio clim\u00e1tico y el marco legal; Plan de Respuesta, en el que se trabajar\u00e1 sobre l\u00edneas de base adaptaci\u00f3n; en la unidad sobre Herramientas de apoyo t\u00e9cnico en la que se profundizar\u00e1 en Sistema de informaci\u00f3n Geogr\u00e1fica. Finalmente, en la unidad de Herramientas de apoyo t\u00e9cnico, se trabajar\u00e1 sobre tres ejes transversales comunicaci\u00f3n y sensibilizaci\u00f3n, financiamiento de proyectos y g\u00e9nero.<\/p>\n<p>Los funcionarios o equipos t\u00e9cnicos que deseen participar de este ciclo de capacitaciones deben enviar un mail al correo\u00a0<span id=\"cloak65b37a2080d4f05748be582edb924785\"><a href=\"mailto:observatorioambientalsanjuan@gmail.com\">observatorioambientalsanjuan@gmail.com<\/a><\/span>\u00a0con los siguientes datos: nombre y apellido, n\u00famero de documento, DNI, fecha de nacimiento, g\u00e9nero, correo electr\u00f3nico, tel\u00e9fono, m\u00e1ximo nivel de estudios alcanzados, lugar de trabajo y puesto<\/p>\n","protected":false},"excerpt":{"rendered":"<p>Destinadas a funcionarios y equipos t\u00e9cnicos provinciales y municipales, profesionales, personal docente e investigadores universitarios, la Secretar\u00eda de Estado de<\/p>\n","protected":false},"author":3,"featured_media":20920,"comment_status":"closed","ping_status":"closed","sticky":false,"template":"","format":"standard","meta":{"_acf_changed":false,"_seopress_robots_primary_cat":"none","_seopress_titles_title":"","_seopress_titles_desc":"","_seopress_robots_index":"","colormag_page_container_layout":"default_layout","colormag_page_sidebar_layout":"default_layout","footnotes":""},"categories":[1],"tags":[],"class_list":["post-47641","post","type-post","status-publish","format-standard","has-post-thumbnail","hentry","category-destacadas"],"acf":[],"_links":{"self":[{"href":"https:\/\/vocesparalelas.com.ar\/sitio\/wp-json\/wp\/v2\/posts\/47641","targetHints":{"allow":["GET"]}}],"collection":[{"href":"https:\/\/vocesparalelas.com.ar\/sitio\/wp-json\/wp\/v2\/posts"}],"about":[{"href":"https:\/\/vocesparalelas.com.ar\/sitio\/wp-json\/wp\/v2\/types\/post"}],"author":[{"embeddable":true,"href":"https:\/\/vocesparalelas.com.ar\/sitio\/wp-json\/wp\/v2\/users\/3"}],"replies":[{"embeddable":true,"href":"https:\/\/vocesparalelas.com.ar\/sitio\/wp-json\/wp\/v2\/comments?post=47641"}],"version-history":[{"count":3,"href":"https:\/\/vocesparalelas.com.ar\/sitio\/wp-json\/wp\/v2\/posts\/47641\/revisions"}],"predecessor-version":[{"id":47645,"href":"https:\/\/vocesparalelas.com.ar\/sitio\/wp-json\/wp\/v2\/posts\/47641\/revisions\/47645"}],"wp:featuredmedia":[{"embeddable":true,"href":"https:\/\/vocesparalelas.com.ar\/sitio\/wp-json\/wp\/v2\/media\/20920"}],"wp:attachment":[{"href":"https:\/\/vocesparalelas.com.ar\/sitio\/wp-json\/wp\/v2\/media?parent=47641"}],"wp:term":[{"taxonomy":"category","embeddable":true,"href":"https:\/\/vocesparalelas.com.ar\/sitio\/wp-json\/wp\/v2\/categories?post=47641"},{"taxonomy":"post_tag","embeddable":true,"href":"https:\/\/vocesparalelas.com.ar\/sitio\/wp-json\/wp\/v2\/tags?post=47641"}],"curies":[{"name":"wp","href":"https:\/\/api.w.org\/{rel}","templated":true}]}}