{"id":47627,"date":"2022-04-06T00:29:56","date_gmt":"2022-04-06T03:29:56","guid":{"rendered":"https:\/\/vocesparalelas.com.ar\/sitio\/?p=47627"},"modified":"2022-04-08T22:56:48","modified_gmt":"2022-04-09T01:56:48","slug":"comenzo-la-campana-escuela-sin-discriminacion-en-san-juan","status":"publish","type":"post","link":"https:\/\/vocesparalelas.com.ar\/sitio\/comenzo-la-campana-escuela-sin-discriminacion-en-san-juan\/","title":{"rendered":"Comenz\u00f3 la Campa\u00f1a \u00abEscuela sin Discriminaci\u00f3n\u00bb en San Juan"},"content":{"rendered":"<p>En el Hall del Edificio de la Universidad Nacional de San Juan se realiz\u00f3 la apertura de la Campa\u00f1a \u00abEscuela sin Discriminaci\u00f3n\u00bb, que permite la capacitaci\u00f3n de la comunidad educativa no s\u00f3lo de los institutos Preuniversitarios sino que se sumaron otras comunidades educativas de escuelas estatales y privadas de San Juan.<\/p>\n<p>La discriminaci\u00f3n es una situaci\u00f3n que los involucrados deben contribuir para ayudar su tratamiento con el compromiso de colaborar con el fin de conocer, aprender y ense\u00f1ar a los dem\u00e1s, que puede ser un ni\u00f1o, un joven o un adulto.<\/p>\n<p>Por ello, el representante del INADI remarc\u00f3 la importancia de asumir y tomar conciencia sobre la discriminaci\u00f3n.<\/p>\n<p><iframe loading=\"lazy\" title=\"UNSJ\" width=\"800\" height=\"450\" src=\"https:\/\/www.youtube.com\/embed\/q0X9Mbtm8Qw?feature=oembed\" frameborder=\"0\" allow=\"accelerometer; autoplay; clipboard-write; encrypted-media; gyroscope; picture-in-picture\" allowfullscreen><\/iframe><\/p>\n<p>Posteriormente, la Secretaria de Extensi\u00f3n Universitaria de la UNSJ, Dra. Laura Garc\u00e9s, quien agradeci\u00f3 a los interesados en participar en los talleres como modelos de extender el conocimiento adquirido hacia sus pares.<\/p>\n<p>&nbsp;<\/p>\n<p><iframe loading=\"lazy\" title=\"UNSJ DRA LAURA GARCES\" width=\"800\" height=\"450\" src=\"https:\/\/www.youtube.com\/embed\/66rS5psSOFE?feature=oembed\" frameborder=\"0\" allow=\"accelerometer; autoplay; clipboard-write; encrypted-media; gyroscope; picture-in-picture\" allowfullscreen><\/iframe><\/p>\n<p>Finalmente, la Vicerrectora de la UNSJ, Dra. Anal\u00eda Ponce, destac\u00f3 la participaci\u00f3n como inicio de la Campa\u00f1a \u00abEscuela sin Discriminaci\u00f3n\u00bb, que va a permitir que la convivencia y la relaciones sea cada d\u00eda mejor.<\/p>\n<p><iframe loading=\"lazy\" title=\"UNSJ VICERRECTORA DRA. ANALIA PONCE\" width=\"800\" height=\"450\" src=\"https:\/\/www.youtube.com\/embed\/TMi4PQ2Te5Q?feature=oembed\" frameborder=\"0\" allow=\"accelerometer; autoplay; clipboard-write; encrypted-media; gyroscope; picture-in-picture\" allowfullscreen><\/iframe><\/p>\n<p>&nbsp;<\/p>\n<p>De esta manera, comenz\u00f3 el taller con una jornada de reflexi\u00f3n<\/p>\n<p><img loading=\"lazy\" decoding=\"async\" class=\"alignnone size-full wp-image-47631\" src=\"https:\/\/vocesparalelas.com.ar\/sitio\/wp-content\/uploads\/2022\/04\/UNSJ-DISCRIMINACION-03.jpg\" alt=\"\" width=\"800\" height=\"533\" srcset=\"https:\/\/vocesparalelas.com.ar\/sitio\/wp-content\/uploads\/2022\/04\/UNSJ-DISCRIMINACION-03.jpg 800w, https:\/\/vocesparalelas.com.ar\/sitio\/wp-content\/uploads\/2022\/04\/UNSJ-DISCRIMINACION-03-300x200.jpg 300w, https:\/\/vocesparalelas.com.ar\/sitio\/wp-content\/uploads\/2022\/04\/UNSJ-DISCRIMINACION-03-768x512.jpg 768w\" sizes=\"auto, (max-width: 800px) 100vw, 800px\" \/><\/p>\n<p>&nbsp;<\/p>\n<p><img loading=\"lazy\" decoding=\"async\" class=\"alignnone size-full wp-image-47629\" src=\"https:\/\/vocesparalelas.com.ar\/sitio\/wp-content\/uploads\/2022\/04\/UNSJ-DISCRIMINACION-01.jpg\" alt=\"\" width=\"800\" height=\"533\" srcset=\"https:\/\/vocesparalelas.com.ar\/sitio\/wp-content\/uploads\/2022\/04\/UNSJ-DISCRIMINACION-01.jpg 800w, https:\/\/vocesparalelas.com.ar\/sitio\/wp-content\/uploads\/2022\/04\/UNSJ-DISCRIMINACION-01-300x200.jpg 300w, https:\/\/vocesparalelas.com.ar\/sitio\/wp-content\/uploads\/2022\/04\/UNSJ-DISCRIMINACION-01-768x512.jpg 768w\" sizes=\"auto, (max-width: 800px) 100vw, 800px\" \/><\/p>\n<p>&nbsp;<\/p>\n<p><img loading=\"lazy\" decoding=\"async\" class=\"alignnone size-full wp-image-47632\" src=\"https:\/\/vocesparalelas.com.ar\/sitio\/wp-content\/uploads\/2022\/04\/UNSJ-DISCRIMINACION-04.jpg\" alt=\"\" width=\"800\" height=\"533\" srcset=\"https:\/\/vocesparalelas.com.ar\/sitio\/wp-content\/uploads\/2022\/04\/UNSJ-DISCRIMINACION-04.jpg 800w, https:\/\/vocesparalelas.com.ar\/sitio\/wp-content\/uploads\/2022\/04\/UNSJ-DISCRIMINACION-04-300x200.jpg 300w, https:\/\/vocesparalelas.com.ar\/sitio\/wp-content\/uploads\/2022\/04\/UNSJ-DISCRIMINACION-04-768x512.jpg 768w\" sizes=\"auto, (max-width: 800px) 100vw, 800px\" \/><\/p>\n<p>&nbsp;<\/p>\n<p>&nbsp;<\/p>\n<p>&nbsp;<\/p>\n<p>&nbsp;<\/p>\n","protected":false},"excerpt":{"rendered":"<p>En el Hall del Edificio de la Universidad Nacional de San Juan se realiz\u00f3 la apertura de la Campa\u00f1a \u00abEscuela<\/p>\n","protected":false},"author":3,"featured_media":47630,"comment_status":"closed","ping_status":"closed","sticky":false,"template":"","format":"video","meta":{"_acf_changed":false,"_seopress_robots_primary_cat":"none","_seopress_titles_title":"","_seopress_titles_desc":"","_seopress_robots_index":"","colormag_page_container_layout":"default_layout","colormag_page_sidebar_layout":"default_layout","footnotes":""},"categories":[10,7],"tags":[],"class_list":["post-47627","post","type-post","status-publish","format-video","has-post-thumbnail","hentry","category-opiniones","category-videos","post_format-post-format-video"],"acf":[],"_links":{"self":[{"href":"https:\/\/vocesparalelas.com.ar\/sitio\/wp-json\/wp\/v2\/posts\/47627","targetHints":{"allow":["GET"]}}],"collection":[{"href":"https:\/\/vocesparalelas.com.ar\/sitio\/wp-json\/wp\/v2\/posts"}],"about":[{"href":"https:\/\/vocesparalelas.com.ar\/sitio\/wp-json\/wp\/v2\/types\/post"}],"author":[{"embeddable":true,"href":"https:\/\/vocesparalelas.com.ar\/sitio\/wp-json\/wp\/v2\/users\/3"}],"replies":[{"embeddable":true,"href":"https:\/\/vocesparalelas.com.ar\/sitio\/wp-json\/wp\/v2\/comments?post=47627"}],"version-history":[{"count":3,"href":"https:\/\/vocesparalelas.com.ar\/sitio\/wp-json\/wp\/v2\/posts\/47627\/revisions"}],"predecessor-version":[{"id":47638,"href":"https:\/\/vocesparalelas.com.ar\/sitio\/wp-json\/wp\/v2\/posts\/47627\/revisions\/47638"}],"wp:featuredmedia":[{"embeddable":true,"href":"https:\/\/vocesparalelas.com.ar\/sitio\/wp-json\/wp\/v2\/media\/47630"}],"wp:attachment":[{"href":"https:\/\/vocesparalelas.com.ar\/sitio\/wp-json\/wp\/v2\/media?parent=47627"}],"wp:term":[{"taxonomy":"category","embeddable":true,"href":"https:\/\/vocesparalelas.com.ar\/sitio\/wp-json\/wp\/v2\/categories?post=47627"},{"taxonomy":"post_tag","embeddable":true,"href":"https:\/\/vocesparalelas.com.ar\/sitio\/wp-json\/wp\/v2\/tags?post=47627"}],"curies":[{"name":"wp","href":"https:\/\/api.w.org\/{rel}","templated":true}]}}