{"id":47622,"date":"2022-04-05T21:11:08","date_gmt":"2022-04-06T00:11:08","guid":{"rendered":"https:\/\/vocesparalelas.com.ar\/sitio\/?p=47622"},"modified":"2022-04-07T00:52:19","modified_gmt":"2022-04-07T03:52:19","slug":"la-fundacion-banco-san-juan-convoca-a-la-3-edicion-del-premio-a-la-innovacion-educativa-que-distribuye-11-millones","status":"publish","type":"post","link":"https:\/\/vocesparalelas.com.ar\/sitio\/la-fundacion-banco-san-juan-convoca-a-la-3-edicion-del-premio-a-la-innovacion-educativa-que-distribuye-11-millones\/","title":{"rendered":"La Fundaci\u00f3n Banco San Juan convoca a la 3\u00b0 Edici\u00f3n del Premio a la Innovaci\u00f3n Educativa, que distribuye $11 millones"},"content":{"rendered":"<p>Dirigido a establecimientos educativos de nivel secundario, el programa tiene como objetivo el desarrollo de proyectos de impacto social orientados a la Sustentabilidad.<\/p>\n<p>Las escuelas seleccionadas participan de una etapa de acompa\u00f1amiento formativo durante 5 meses, y de un certamen de proyectos.<\/p>\n<p>Este a\u00f1o hay 10 ganadores regionales, 1 ganador a nivel nacional, y 11 millones de pesos en premios.<\/p>\n<p>Los interesados pueden inscribirse hasta el 22 de Abril de 2022.<\/p>\n<p>El \u201cPremio Fundaciones Grupo Petersen a la Innovaci\u00f3n Educativa\u201d es un programa de acompa\u00f1amiento institucional dirigido a establecimientos educativos\u00a0de nivel secundario de las provincias de San Juan, Santa Fe, Entre R\u00edos y Santa Cruz y de la Ciudad de Buenos Aires.<\/p>\n<p>En esta nueva edici\u00f3n, el programa tiene por objetivo contribuir a la formaci\u00f3n de docentes en estrategias de aprendizaje activo que lleven a sus estudiantes a involucrarse participativamente en el proceso educativo, adquiriendo capacidades que promuevan, por medio de una competencia de impacto social,\u00a0proyectos innovadores orientados a la Sustentabilidad.<\/p>\n<p>La convocatoria est\u00e1 dirigida a escuelas Secundarias de Gesti\u00f3n P\u00fablica y de Gesti\u00f3n Privada, las que pueden inscribirse, a trav\u00e9s de sus directivos, desde el 4 al 22 de Abril de 2022, completando el formulario en el sitio<\/p>\n<p><a href=\"http:\/\/www.premiofgpinnovacioneducativa.com.ar\/\">www.premiofgpinnovacioneducativa.com.ar<\/a>.<\/p>\n<p>Una vez seleccionados, los establecimientos ser\u00e1n convocados a\u00a0conformar equipos de trabajo con docentes del ciclo b\u00e1sico y ciclo superior de su escuela\u00a0para avanzar a la etapa de formaci\u00f3n.<\/p>\n<p>Los equipos participan de una etapa de acompa\u00f1amiento formativo en Aprendizaje Basado en Proyectos &#8211; ABP -,\u00a0 Matem\u00e1tica orientada a proyectos, y Tecnolog\u00eda orientada a proyectos, que se desarrolla entre los meses de Junio y Octubre a trav\u00e9s del Campus Educativo de FGP.<\/p>\n<p>En la siguiente etapa, los educadores &#8211; Directores y Docentes &#8211; que hayan participado de la instancia formativa, presentan junto a alumnos de su instituci\u00f3n, un proyecto de innovaci\u00f3n e impacto social orientado a la Sustentabilidad, el cual debe integrar distintos aspectos trabajados durante la formaci\u00f3n, y aportar\u00a0 soluciones a problem\u00e1ticas reales de la comunidad local o global, contribuyendo a su soluci\u00f3n o abordaje desde el interior de las escuelas.<\/p>\n<p>Por \u00faltimo, se lleva a cabo la etapa de competencia donde se seleccionan 10 proyectos ganadores en la instancia Regional, &#8211; dos por cada provincia participante; correspondientes uno a ciclo b\u00e1sico y otro a ciclo superior &#8211; que reciben, cada uno, la suma de $1.000.000 &#8211; un mill\u00f3n de pesos.<\/p>\n<p>Los ganadores de la Instancia Regional exponen sus proyectos ante un Jurado de especialistas, y se elige 1 proyecto ganador Nacional, que se hace acreedor de $1.000.000 &#8211; un mill\u00f3n de pesos &#8211; adicional.<\/p>\n<p>Toda la informaci\u00f3n, bases y condiciones pueden ser consultadas en el micrositio exclusivo del programa:<a href=\"http:\/\/premiofgpinnovacioneducativa.com.ar\/\">\u00a0<\/a><\/p>\n<p><a href=\"http:\/\/premiofgpinnovacioneducativa.com.ar\/\">www.premiofgpinnovacioneducativa.com.ar\u00a0<\/a><\/p>\n<p>y en<\/p>\n<p><a href=\"https:\/\/www.instagram.com\/fundacionesgp\/\">https:\/\/www.instagram.com\/fundacionesgp\/<\/a>.<\/p>\n<p><span style=\"color: #99cc00;\"><strong>\u00a0<\/strong><strong>Webinar Informativo<\/strong><\/span><\/p>\n<p>El Martes, 12 de Abril, a las 18 hs.; se desarrolla, de manera abierta para todos los interesados, una charla informativa de acceso libre sobre este programa a trav\u00e9s del canal de youtube de Fundaciones Grupo Petersen.<\/p>\n<p><strong><span style=\"color: #99cc00;\">Para participar se debe ingresar en el link <\/span><\/strong><\/p>\n<p><a href=\"https:\/\/www.youtube.com\/channel\/UC1g0E2us6NbaaGl20ulkX4A\">https:\/\/www.youtube.com\/channel\/UC1g0E2us6NbaaGl20ulkX4A<\/a><\/p>\n<p>&nbsp;<\/p>\n<p><img loading=\"lazy\" decoding=\"async\" class=\"alignnone size-large wp-image-47624\" src=\"https:\/\/vocesparalelas.com.ar\/sitio\/wp-content\/uploads\/2022\/04\/FBSJ-PREMIO-800x600.jpg\" alt=\"\" width=\"800\" height=\"600\" srcset=\"https:\/\/vocesparalelas.com.ar\/sitio\/wp-content\/uploads\/2022\/04\/FBSJ-PREMIO-800x600.jpg 800w, https:\/\/vocesparalelas.com.ar\/sitio\/wp-content\/uploads\/2022\/04\/FBSJ-PREMIO-300x225.jpg 300w, https:\/\/vocesparalelas.com.ar\/sitio\/wp-content\/uploads\/2022\/04\/FBSJ-PREMIO-768x576.jpg 768w, https:\/\/vocesparalelas.com.ar\/sitio\/wp-content\/uploads\/2022\/04\/FBSJ-PREMIO.jpg 1024w\" sizes=\"auto, (max-width: 800px) 100vw, 800px\" \/><\/p>\n","protected":false},"excerpt":{"rendered":"<p>Dirigido a establecimientos educativos de nivel secundario, el programa tiene como objetivo el desarrollo de proyectos de impacto social orientados<\/p>\n","protected":false},"author":3,"featured_media":47625,"comment_status":"closed","ping_status":"closed","sticky":false,"template":"","format":"standard","meta":{"_acf_changed":false,"_seopress_robots_primary_cat":"none","_seopress_titles_title":"","_seopress_titles_desc":"","_seopress_robots_index":"","colormag_page_container_layout":"default_layout","colormag_page_sidebar_layout":"default_layout","footnotes":""},"categories":[8],"tags":[],"class_list":["post-47622","post","type-post","status-publish","format-standard","has-post-thumbnail","hentry","category-concursos"],"acf":[],"_links":{"self":[{"href":"https:\/\/vocesparalelas.com.ar\/sitio\/wp-json\/wp\/v2\/posts\/47622","targetHints":{"allow":["GET"]}}],"collection":[{"href":"https:\/\/vocesparalelas.com.ar\/sitio\/wp-json\/wp\/v2\/posts"}],"about":[{"href":"https:\/\/vocesparalelas.com.ar\/sitio\/wp-json\/wp\/v2\/types\/post"}],"author":[{"embeddable":true,"href":"https:\/\/vocesparalelas.com.ar\/sitio\/wp-json\/wp\/v2\/users\/3"}],"replies":[{"embeddable":true,"href":"https:\/\/vocesparalelas.com.ar\/sitio\/wp-json\/wp\/v2\/comments?post=47622"}],"version-history":[{"count":1,"href":"https:\/\/vocesparalelas.com.ar\/sitio\/wp-json\/wp\/v2\/posts\/47622\/revisions"}],"predecessor-version":[{"id":47626,"href":"https:\/\/vocesparalelas.com.ar\/sitio\/wp-json\/wp\/v2\/posts\/47622\/revisions\/47626"}],"wp:featuredmedia":[{"embeddable":true,"href":"https:\/\/vocesparalelas.com.ar\/sitio\/wp-json\/wp\/v2\/media\/47625"}],"wp:attachment":[{"href":"https:\/\/vocesparalelas.com.ar\/sitio\/wp-json\/wp\/v2\/media?parent=47622"}],"wp:term":[{"taxonomy":"category","embeddable":true,"href":"https:\/\/vocesparalelas.com.ar\/sitio\/wp-json\/wp\/v2\/categories?post=47622"},{"taxonomy":"post_tag","embeddable":true,"href":"https:\/\/vocesparalelas.com.ar\/sitio\/wp-json\/wp\/v2\/tags?post=47622"}],"curies":[{"name":"wp","href":"https:\/\/api.w.org\/{rel}","templated":true}]}}