{"id":47618,"date":"2022-04-05T21:55:51","date_gmt":"2022-04-06T00:55:51","guid":{"rendered":"https:\/\/vocesparalelas.com.ar\/sitio\/?p=47618"},"modified":"2022-04-07T01:32:43","modified_gmt":"2022-04-07T04:32:43","slug":"taller-experimental-3r-reduci-recicla-redisena","status":"publish","type":"post","link":"https:\/\/vocesparalelas.com.ar\/sitio\/taller-experimental-3r-reduci-recicla-redisena\/","title":{"rendered":"Taller Experimental 3R: Reduc\u00ed, recicl\u00e1, redise\u00f1\u00e1"},"content":{"rendered":"<p>Con el prop\u00f3sito de implementar un \u00e1rea de experimentaci\u00f3n destinado a la reutilizaci\u00f3n de soportes flexibles &#8211; papel -, haciendo hincapi\u00e9 en la creaci\u00f3n de nuevos productos a partir del proceso de reciclado, de manera de concientizar el uso responsable del material.<\/p>\n<p>El cursado se realiza en el \u00c1rea de Materialidad Laboratorio de Maquetado y Prototipado, con un encuentro semanal de 3 hs.<\/p>\n<p>La actividad, se divide en cuatro etapas desarrolladas en 9 encuentros de 3\u00a0hs\u00a0c\/u sumando un total de 27\u00a0hs.<\/p>\n<ul>\n<li>La 1\u00b0 Etapa, Acopio del material;<\/li>\n<li>la 2\u00b0 Etapa, Selecci\u00f3n | Trozado del material;<\/li>\n<li>la 3\u00b0 Etapa, Preparaci\u00f3n de la pulpa y<\/li>\n<li>la 4\u00b0 Etapa, Dise\u00f1o | Moldeado.<\/li>\n<\/ul>\n<p>La evaluaci\u00f3n es continua y se constituyen en objetos de evaluaci\u00f3n los procesos de aprendizajes de los estudiantes. Tambi\u00e9n ser\u00e1 objeto de evaluaci\u00f3n las pr\u00e1cticas de ense\u00f1anza del Taller, a fin de generar nuevas propuestas con soportes reutilizables. Se pondr\u00e1n en juego diferentes modos de evaluaci\u00f3n autoevaluaci\u00f3n,\u00a0co\u00a0evaluaci\u00f3n y\u00a0heteroevaluaci\u00f3n.<\/p>\n<p>Los criterios de evaluaci\u00f3n ser\u00e1n los siguientes:<\/p>\n<ul>\n<li>Capacidad para comprender e integrar las diferentes etapas del proceso de reciclado.<\/li>\n<li>Capacidad para analizar cr\u00edticamente la reutilizaci\u00f3n de materiales.<\/li>\n<li>Capacidad en la elaboraci\u00f3n de propuestas innovadoras adecuadas al contexto de la sustentabilidad.<\/li>\n<li>Desarrollo de habilidades de trabajo interdisciplinario.<\/li>\n<li>Cumplimiento de las Etapas en forma adecuada y en el tiempo establecido.<\/li>\n<\/ul>\n<p>Como requisitos para acreditar la actividad, los alumnos participantes deben aprobar el 100% de los trabajos y un trabajo final integrador. Cumplir con un 80% de Asistencia a los encuentros presenciales.<\/p>\n<p>Como condici\u00f3n para acceder a la experiencia los alumnos de la FAUD-UNSJ, deben haber cursado y aprobado el Taller II.<\/p>\n<p>El equipo responsable del cumplimiento de las actividades programadas est\u00e1 constituido por la Esp. DI. Marcela Anal\u00eda Arag\u00f3n, DG. Noelia Arce, Mickaela Andrada Auxiliar alumna DG.<\/p>\n<p>Los alumnos interesados deben inscribirse completando el formulario escaneando c\u00f3digo QR.<\/p>\n<p>Por consultas pueden realizarlas al correo\u00a0<a href=\"tallerexperimental3r@gmail.com\">tallerexperimental3r@gmail.com<\/a><\/p>\n<p>Cupo m\u00e1ximo de alumnos: 15 alumnos<\/p>\n<p>Se otorgan cr\u00e9ditos acad\u00e9micos.<\/p>\n<p>Inicia: \u00a0\u00a07 de Abril de 2022<\/p>\n<p>&nbsp;<\/p>\n<p><img loading=\"lazy\" decoding=\"async\" class=\"alignnone size-full wp-image-47620\" src=\"https:\/\/vocesparalelas.com.ar\/sitio\/wp-content\/uploads\/2022\/04\/taller-experimental-3r-reduci-recicla-redisena.jpeg\" alt=\"\" width=\"800\" height=\"458\" srcset=\"https:\/\/vocesparalelas.com.ar\/sitio\/wp-content\/uploads\/2022\/04\/taller-experimental-3r-reduci-recicla-redisena.jpeg 800w, https:\/\/vocesparalelas.com.ar\/sitio\/wp-content\/uploads\/2022\/04\/taller-experimental-3r-reduci-recicla-redisena-300x172.jpeg 300w, https:\/\/vocesparalelas.com.ar\/sitio\/wp-content\/uploads\/2022\/04\/taller-experimental-3r-reduci-recicla-redisena-768x440.jpeg 768w\" sizes=\"auto, (max-width: 800px) 100vw, 800px\" \/><\/p>\n<p>&nbsp;<\/p>\n<p>&nbsp;<\/p>\n<p>&nbsp;<\/p>\n","protected":false},"excerpt":{"rendered":"<p>Con el prop\u00f3sito de implementar un \u00e1rea de experimentaci\u00f3n destinado a la reutilizaci\u00f3n de soportes flexibles &#8211; papel -, haciendo<\/p>\n","protected":false},"author":3,"featured_media":43789,"comment_status":"closed","ping_status":"closed","sticky":false,"template":"","format":"standard","meta":{"_acf_changed":false,"_seopress_robots_primary_cat":"none","_seopress_titles_title":"","_seopress_titles_desc":"","_seopress_robots_index":"","colormag_page_container_layout":"default_layout","colormag_page_sidebar_layout":"default_layout","footnotes":""},"categories":[9],"tags":[],"class_list":["post-47618","post","type-post","status-publish","format-standard","has-post-thumbnail","hentry","category-cursos"],"acf":[],"_links":{"self":[{"href":"https:\/\/vocesparalelas.com.ar\/sitio\/wp-json\/wp\/v2\/posts\/47618","targetHints":{"allow":["GET"]}}],"collection":[{"href":"https:\/\/vocesparalelas.com.ar\/sitio\/wp-json\/wp\/v2\/posts"}],"about":[{"href":"https:\/\/vocesparalelas.com.ar\/sitio\/wp-json\/wp\/v2\/types\/post"}],"author":[{"embeddable":true,"href":"https:\/\/vocesparalelas.com.ar\/sitio\/wp-json\/wp\/v2\/users\/3"}],"replies":[{"embeddable":true,"href":"https:\/\/vocesparalelas.com.ar\/sitio\/wp-json\/wp\/v2\/comments?post=47618"}],"version-history":[{"count":1,"href":"https:\/\/vocesparalelas.com.ar\/sitio\/wp-json\/wp\/v2\/posts\/47618\/revisions"}],"predecessor-version":[{"id":47621,"href":"https:\/\/vocesparalelas.com.ar\/sitio\/wp-json\/wp\/v2\/posts\/47618\/revisions\/47621"}],"wp:featuredmedia":[{"embeddable":true,"href":"https:\/\/vocesparalelas.com.ar\/sitio\/wp-json\/wp\/v2\/media\/43789"}],"wp:attachment":[{"href":"https:\/\/vocesparalelas.com.ar\/sitio\/wp-json\/wp\/v2\/media?parent=47618"}],"wp:term":[{"taxonomy":"category","embeddable":true,"href":"https:\/\/vocesparalelas.com.ar\/sitio\/wp-json\/wp\/v2\/categories?post=47618"},{"taxonomy":"post_tag","embeddable":true,"href":"https:\/\/vocesparalelas.com.ar\/sitio\/wp-json\/wp\/v2\/tags?post=47618"}],"curies":[{"name":"wp","href":"https:\/\/api.w.org\/{rel}","templated":true}]}}