{"id":47594,"date":"2022-04-05T20:44:01","date_gmt":"2022-04-05T23:44:01","guid":{"rendered":"https:\/\/vocesparalelas.com.ar\/sitio\/?p=47594"},"modified":"2022-04-08T23:00:23","modified_gmt":"2022-04-09T02:00:23","slug":"iniciaron-los-cursos-del-programa-escuela-de-educacion-profesional-de-la-unsj-en-la-ffha","status":"publish","type":"post","link":"https:\/\/vocesparalelas.com.ar\/sitio\/iniciaron-los-cursos-del-programa-escuela-de-educacion-profesional-de-la-unsj-en-la-ffha\/","title":{"rendered":"Iniciaron los cursos del Programa Escuela de Educaci\u00f3n Profesional de la UNSJ en la FFHA"},"content":{"rendered":"<p>La Facultad de Filosof\u00eda, Humanidades y Artes de la Universidad Nacional de San Juan lanz\u00f3 los cursos \u00abLengua de Se\u00f1as\u00bb y \u00abAuxiliar de Laboratorio\u00bb, propuestas que integran la oferta brindada por la Unidad Acad\u00e9mica para el Programa Escuela de Educaci\u00f3n Profesional de la UNSJ.<\/p>\n<p><img loading=\"lazy\" decoding=\"async\" class=\"alignnone size-full wp-image-47596\" src=\"https:\/\/vocesparalelas.com.ar\/sitio\/wp-content\/uploads\/2022\/04\/FFHA-FORMACION-01.jpg\" alt=\"\" width=\"800\" height=\"533\" srcset=\"https:\/\/vocesparalelas.com.ar\/sitio\/wp-content\/uploads\/2022\/04\/FFHA-FORMACION-01.jpg 800w, https:\/\/vocesparalelas.com.ar\/sitio\/wp-content\/uploads\/2022\/04\/FFHA-FORMACION-01-300x200.jpg 300w, https:\/\/vocesparalelas.com.ar\/sitio\/wp-content\/uploads\/2022\/04\/FFHA-FORMACION-01-768x512.jpg 768w\" sizes=\"auto, (max-width: 800px) 100vw, 800px\" \/><\/p>\n<p>Por ello, la Decana de la FFHA de la UNSJ, Mg. Myriam Arrabal destac\u00f3 que la propuesta es de muy inter\u00e9s para los docentes transform\u00e1ndose en positivo para ambas partes porque apunta a la inclusi\u00f3n social educativa.<\/p>\n<p><iframe loading=\"lazy\" title=\"FFHA UNSJ DECANA MG MYRIAN ARRABAL\" width=\"800\" height=\"450\" src=\"https:\/\/www.youtube.com\/embed\/2kbUP-O3D6w?feature=oembed\" frameborder=\"0\" allow=\"accelerometer; autoplay; clipboard-write; encrypted-media; gyroscope; picture-in-picture\" allowfullscreen><\/iframe><\/p>\n<p>Posteriormente, la Secretaria de Extensi\u00f3n Universitaria de la UNSJ, Dr. Laura Garc\u00e9s destac\u00f3 que la convocatoria tuvo tantos inscriptos que super\u00f3 la expectativas de la FFHA y de la UNSJ<\/p>\n<p>&nbsp;<\/p>\n<p><iframe loading=\"lazy\" title=\"FFHA UNSJ DRA. LAURA GARCES\" width=\"800\" height=\"450\" src=\"https:\/\/www.youtube.com\/embed\/GL92NSrNqic?feature=oembed\" frameborder=\"0\" allow=\"accelerometer; autoplay; clipboard-write; encrypted-media; gyroscope; picture-in-picture\" allowfullscreen><\/iframe><\/p>\n<p>Es importante destacar que\u00a0curso de Lengua de Se\u00f1as Argentina -LSA a cargo de las Docentes Cristina Graffigna y la int\u00e9rprete en Lenga de Se\u00f1as Noelia S\u00e1nchez Trigo y el Curso Auxiliar de Laboratorio coordinado por la docente Erica Vidal.<\/p>\n<p>Ambos se enmarcan\u00a0 en el Programa Universitario de la Escuela de Educaci\u00f3n Profesional, Aprobado por Res. 2021-76-SECPU#ME de la Secretar\u00eda de Pol\u00edticas Universitarias -SPU.<\/p>\n<p><img loading=\"lazy\" decoding=\"async\" class=\"alignnone size-full wp-image-47598\" src=\"https:\/\/vocesparalelas.com.ar\/sitio\/wp-content\/uploads\/2022\/04\/FFHA-FORMACION-03.jpg\" alt=\"\" width=\"800\" height=\"533\" srcset=\"https:\/\/vocesparalelas.com.ar\/sitio\/wp-content\/uploads\/2022\/04\/FFHA-FORMACION-03.jpg 800w, https:\/\/vocesparalelas.com.ar\/sitio\/wp-content\/uploads\/2022\/04\/FFHA-FORMACION-03-300x200.jpg 300w, https:\/\/vocesparalelas.com.ar\/sitio\/wp-content\/uploads\/2022\/04\/FFHA-FORMACION-03-768x512.jpg 768w\" sizes=\"auto, (max-width: 800px) 100vw, 800px\" \/><\/p>\n<p><span style=\"color: #339966;\"><strong>Acerca del curso de Lengua de Se\u00f1as Argentina -LSA\u00a0<\/strong><\/span><\/p>\n<p>El curso-capacitaci\u00f3n en Lengua de Se\u00f1as Argentina es una formaci\u00f3n cercana a una carrera de pre-grado, en donde quien se forme como int\u00e9rprete emp\u00edrico est\u00e9 preparado para ser id\u00f3neo en el \u00e1mbito de la interpretaci\u00f3n en Lengua de Se\u00f1as y Espa\u00f1ol; para desenvolverse de manera fluida en este idioma siendo una herramienta de comunicaci\u00f3n entre la persona sorda y el \u00e1mbito en el que se necesite.<\/p>\n<p>La formaci\u00f3n incluye vocabulario, modismos propios de la comunidad sorda, traducci\u00f3n de LSA a espa\u00f1ol y viceversa. Se realizan las pr\u00e1cticas dentro de la comunidad sorda y en diferentes \u00e1mbitos que le permitan agilizar el aprendizaje.<\/p>\n<p>Tiene una duraci\u00f3n de 2 a\u00f1os.<\/p>\n<p><span style=\"color: #339966;\"><strong>Acerca de la propuesta Auxiliar de Laboratorio<\/strong><\/span><\/p>\n<p>El Curso-Taller es un trayecto formativo destinado al personal de apoyo en el trabajo de laboratorio. Est\u00e1 dirigido a profesionales afines, t\u00e9cnicos, egresados del nivel terciario y del nivel medio con conocimientos y\/o experiencia laboral en el \u00e1rea de las ciencias experimentales con el objetivo \u00faltimo de reforzar destrezas en las \u00e1reas de administraci\u00f3n, organizaci\u00f3n y manipulaci\u00f3n en tareas encuadrado dentro de las Buenas Pr\u00e1cticas de Laboratorio.<\/p>\n<p><img loading=\"lazy\" decoding=\"async\" class=\"alignnone size-large wp-image-43889\" src=\"https:\/\/vocesparalelas.com.ar\/sitio\/wp-content\/uploads\/2021\/11\/FFHA-FRENTE-1-800x600.jpg\" alt=\"\" width=\"800\" height=\"600\" srcset=\"https:\/\/vocesparalelas.com.ar\/sitio\/wp-content\/uploads\/2021\/11\/FFHA-FRENTE-1-800x600.jpg 800w, https:\/\/vocesparalelas.com.ar\/sitio\/wp-content\/uploads\/2021\/11\/FFHA-FRENTE-1-300x225.jpg 300w, https:\/\/vocesparalelas.com.ar\/sitio\/wp-content\/uploads\/2021\/11\/FFHA-FRENTE-1-768x576.jpg 768w, https:\/\/vocesparalelas.com.ar\/sitio\/wp-content\/uploads\/2021\/11\/FFHA-FRENTE-1.jpg 1024w\" sizes=\"auto, (max-width: 800px) 100vw, 800px\" \/><\/p>\n<p>&nbsp;<\/p>\n<p>&nbsp;<\/p>\n<p>&nbsp;<\/p>\n","protected":false},"excerpt":{"rendered":"<p>La Facultad de Filosof\u00eda, Humanidades y Artes de la Universidad Nacional de San Juan lanz\u00f3 los cursos \u00abLengua de Se\u00f1as\u00bb<\/p>\n","protected":false},"author":3,"featured_media":47597,"comment_status":"closed","ping_status":"closed","sticky":false,"template":"","format":"video","meta":{"_acf_changed":false,"_seopress_robots_primary_cat":"none","_seopress_titles_title":"","_seopress_titles_desc":"","_seopress_robots_index":"","colormag_page_container_layout":"default_layout","colormag_page_sidebar_layout":"default_layout","footnotes":""},"categories":[10,7],"tags":[],"class_list":["post-47594","post","type-post","status-publish","format-video","has-post-thumbnail","hentry","category-opiniones","category-videos","post_format-post-format-video"],"acf":[],"_links":{"self":[{"href":"https:\/\/vocesparalelas.com.ar\/sitio\/wp-json\/wp\/v2\/posts\/47594","targetHints":{"allow":["GET"]}}],"collection":[{"href":"https:\/\/vocesparalelas.com.ar\/sitio\/wp-json\/wp\/v2\/posts"}],"about":[{"href":"https:\/\/vocesparalelas.com.ar\/sitio\/wp-json\/wp\/v2\/types\/post"}],"author":[{"embeddable":true,"href":"https:\/\/vocesparalelas.com.ar\/sitio\/wp-json\/wp\/v2\/users\/3"}],"replies":[{"embeddable":true,"href":"https:\/\/vocesparalelas.com.ar\/sitio\/wp-json\/wp\/v2\/comments?post=47594"}],"version-history":[{"count":3,"href":"https:\/\/vocesparalelas.com.ar\/sitio\/wp-json\/wp\/v2\/posts\/47594\/revisions"}],"predecessor-version":[{"id":47603,"href":"https:\/\/vocesparalelas.com.ar\/sitio\/wp-json\/wp\/v2\/posts\/47594\/revisions\/47603"}],"wp:featuredmedia":[{"embeddable":true,"href":"https:\/\/vocesparalelas.com.ar\/sitio\/wp-json\/wp\/v2\/media\/47597"}],"wp:attachment":[{"href":"https:\/\/vocesparalelas.com.ar\/sitio\/wp-json\/wp\/v2\/media?parent=47594"}],"wp:term":[{"taxonomy":"category","embeddable":true,"href":"https:\/\/vocesparalelas.com.ar\/sitio\/wp-json\/wp\/v2\/categories?post=47594"},{"taxonomy":"post_tag","embeddable":true,"href":"https:\/\/vocesparalelas.com.ar\/sitio\/wp-json\/wp\/v2\/tags?post=47594"}],"curies":[{"name":"wp","href":"https:\/\/api.w.org\/{rel}","templated":true}]}}