{"id":47583,"date":"2022-04-04T23:13:10","date_gmt":"2022-04-05T02:13:10","guid":{"rendered":"https:\/\/vocesparalelas.com.ar\/sitio\/?p=47583"},"modified":"2022-04-06T01:10:01","modified_gmt":"2022-04-06T04:10:01","slug":"la-plaza-seca-malvinas-argentina-en-el-parque-de-rivadavia-a-los-40-anos-de-la-guerra","status":"publish","type":"post","link":"https:\/\/vocesparalelas.com.ar\/sitio\/la-plaza-seca-malvinas-argentina-en-el-parque-de-rivadavia-a-los-40-anos-de-la-guerra\/","title":{"rendered":"La Plaza Seca \u00abMalvinas Argentina\u00bb en el Parque de Rivadavia a los 40 a\u00f1os de la Guerra"},"content":{"rendered":"<p>La Municipalidad de Rivadavia impuso el nombre a la Plaza Seca \u00abMalvinas Argentina\u00bb en el Parque de Rivadavia a los 40 a\u00f1os de la Guerra, en honor a los Veteranos de Guerra y Ca\u00eddos en las Islas, para que su nombre y gloria perdure para siempre en la memoria del pueblo argentino.<\/p>\n<p>A la llegada del intendente de la Municipalidad de Rivadavia, Dr. Fabi\u00e1n Mart\u00edn, comenz\u00f3 el acto con el acompa\u00f1amiento de otros funcionarios y del Presidente del Concejo Deliberante municipal, Dr. Juan Cruz C\u00f3rdoba, quien tuvo la tarea junto a los concejales la tarea de el Decreto por el motivo de dicha imposici\u00f3n.<\/p>\n<p>Adem\u00e1s, estuvieron acompa\u00f1ando las Banderas Argentina de distintas escuelas del Departamento como as\u00ed tambi\u00e9n de los Veteranos de Malvinas, que son los custodios de tener viva la memoria de lo ocurrido hace 40 a\u00f1os para las nuevas generaciones.<\/p>\n<ul>\n<li>Agrupaci\u00f3n FACAMA<\/li>\n<li>Agrupaci\u00f3n CEAS<\/li>\n<li>Agrupaci\u00f3n 2 de Abril<\/li>\n<li>CENS Soldado de Malvinas Argentina<\/li>\n<li>Escuela Malvinas Argentina<\/li>\n<li>Colegio Integral Independencia<\/li>\n<li>Escuela T\u00e9cnica de Capacitaci\u00f3n Laboral Ej\u00e9rcito Argentino<\/li>\n<\/ul>\n<p><img loading=\"lazy\" decoding=\"async\" class=\"alignnone size-full wp-image-47589\" src=\"https:\/\/vocesparalelas.com.ar\/sitio\/wp-content\/uploads\/2022\/04\/MALVINAS-05.jpg\" alt=\"\" width=\"800\" height=\"533\" srcset=\"https:\/\/vocesparalelas.com.ar\/sitio\/wp-content\/uploads\/2022\/04\/MALVINAS-05.jpg 800w, https:\/\/vocesparalelas.com.ar\/sitio\/wp-content\/uploads\/2022\/04\/MALVINAS-05-300x200.jpg 300w, https:\/\/vocesparalelas.com.ar\/sitio\/wp-content\/uploads\/2022\/04\/MALVINAS-05-768x512.jpg 768w\" sizes=\"auto, (max-width: 800px) 100vw, 800px\" \/><\/p>\n<p>El acompa\u00f1amiento del Himno Nacional Argentino por la Banda de M\u00fasica del Regimiento de Infanter\u00eda de Monta\u00f1a 22 \u201cTeniente coronel Juan Manuel Cabot\u201d, bajo la direcci\u00f3n del teniente primero, jefe de Banda, Marcelo Guillermo Z\u00e1rate, dio el color musical al sentir de argentino.<\/p>\n<p><iframe loading=\"lazy\" title=\"40 A\u00d1OS DE MALVINAS\" width=\"800\" height=\"450\" src=\"https:\/\/www.youtube.com\/embed\/wANBIy3fbt8?feature=oembed\" frameborder=\"0\" allow=\"accelerometer; autoplay; clipboard-write; encrypted-media; gyroscope; picture-in-picture\" allowfullscreen><\/iframe><\/p>\n<p>&nbsp;<\/p>\n<p>Luego, se produjo la situaci\u00f3n m\u00e1s importante que es honrar a los ca\u00eddos en las Islas Malvinas con un minuto de silencio que permite que est\u00e9n presentes en los corazones de cada argentino.<\/p>\n<p>&nbsp;<\/p>\n<p><iframe loading=\"lazy\" title=\"40 A\u00d1OS MALVINAS\" width=\"800\" height=\"450\" src=\"https:\/\/www.youtube.com\/embed\/ocfxBaTJAYU?feature=oembed\" frameborder=\"0\" allow=\"accelerometer; autoplay; clipboard-write; encrypted-media; gyroscope; picture-in-picture\" allowfullscreen><\/iframe><\/p>\n<p>El descubrimiento de la placa en la Plaza Seca del Parque de Rivadavia es el testigo del recuerdo y de la memoria de todos aquellos que dieron su vida por la patria hace 40 a\u00f1os de la Guerra de Malvinas.<\/p>\n<p><img loading=\"lazy\" decoding=\"async\" class=\"alignnone size-full wp-image-47585\" src=\"https:\/\/vocesparalelas.com.ar\/sitio\/wp-content\/uploads\/2022\/04\/MALVINAS-01.jpg\" alt=\"\" width=\"800\" height=\"533\" srcset=\"https:\/\/vocesparalelas.com.ar\/sitio\/wp-content\/uploads\/2022\/04\/MALVINAS-01.jpg 800w, https:\/\/vocesparalelas.com.ar\/sitio\/wp-content\/uploads\/2022\/04\/MALVINAS-01-300x200.jpg 300w, https:\/\/vocesparalelas.com.ar\/sitio\/wp-content\/uploads\/2022\/04\/MALVINAS-01-768x512.jpg 768w\" sizes=\"auto, (max-width: 800px) 100vw, 800px\" \/><\/p>\n<p>Adem\u00e1s, se entregaron los decretos a cada una de las instituciones que tienen la responsabilidad que dejar viva la luz de la memoria.<\/p>\n<p><img loading=\"lazy\" decoding=\"async\" class=\"alignnone size-full wp-image-47588\" src=\"https:\/\/vocesparalelas.com.ar\/sitio\/wp-content\/uploads\/2022\/04\/MALVINAS-03.jpg\" alt=\"\" width=\"800\" height=\"533\" srcset=\"https:\/\/vocesparalelas.com.ar\/sitio\/wp-content\/uploads\/2022\/04\/MALVINAS-03.jpg 800w, https:\/\/vocesparalelas.com.ar\/sitio\/wp-content\/uploads\/2022\/04\/MALVINAS-03-300x200.jpg 300w, https:\/\/vocesparalelas.com.ar\/sitio\/wp-content\/uploads\/2022\/04\/MALVINAS-03-768x512.jpg 768w\" sizes=\"auto, (max-width: 800px) 100vw, 800px\" \/><\/p>\n<p>Posteriormente, el P\u00e1rroco Emiliano Pir\u00e1n Vergara, de la Parroquia del Sagrado Coraz\u00f3n de Jes\u00fas, Localidad de Marquesado, fue el responsable de bendecir la plaza seca y destac\u00f3 la importancia de continuar recordando a los h\u00e9roes que dieron su vida por la patria.<\/p>\n<p>&nbsp;<\/p>\n<p><iframe loading=\"lazy\" title=\"40 A\u00d1OS MALVINAS\" width=\"800\" height=\"450\" src=\"https:\/\/www.youtube.com\/embed\/SEIB5axofhw?feature=oembed\" frameborder=\"0\" allow=\"accelerometer; autoplay; clipboard-write; encrypted-media; gyroscope; picture-in-picture\" allowfullscreen><\/iframe><\/p>\n<p>Para finalizar el acto tan emotivo hablaron distintos referentes para recordar vivencias y dejar asentado que el espacio es para no olvidar.<\/p>\n<p>El intendente de la Municipalidad de Rivadavia, Dr. Fabi\u00e1n Mart\u00edn , destac\u00f3 la importante lucha que han llevado adelante durante 40 a\u00f1os, tanto los ex combatientes, como quienes perdieron a sus familiares durante la guerra, para que sea reconocido su esfuerzo, defendiendo la patria y reivindicando permanentemente nuestra soberan\u00eda sobre las Islas.<\/p>\n<p>De esta manera homenajearon los h\u00e9roes quienes se merecen ser recordados por su valor y valent\u00eda defendiendo el suelo argentino, por dejar la vida por nuestro pa\u00eds. Por ellos, no se debe dejar de afirmar las Malvinas fueron, son y ser\u00e1n siempre Argentinas.<\/p>\n<p>&nbsp;<\/p>\n<p>&nbsp;<\/p>\n","protected":false},"excerpt":{"rendered":"<p>La Municipalidad de Rivadavia impuso el nombre a la Plaza Seca \u00abMalvinas Argentina\u00bb en el Parque de Rivadavia a los<\/p>\n","protected":false},"author":3,"featured_media":47586,"comment_status":"closed","ping_status":"closed","sticky":false,"template":"","format":"video","meta":{"_acf_changed":false,"_seopress_robots_primary_cat":"none","_seopress_titles_title":"","_seopress_titles_desc":"","_seopress_robots_index":"","colormag_page_container_layout":"default_layout","colormag_page_sidebar_layout":"default_layout","footnotes":""},"categories":[1,7],"tags":[],"class_list":["post-47583","post","type-post","status-publish","format-video","has-post-thumbnail","hentry","category-destacadas","category-videos","post_format-post-format-video"],"acf":[],"_links":{"self":[{"href":"https:\/\/vocesparalelas.com.ar\/sitio\/wp-json\/wp\/v2\/posts\/47583","targetHints":{"allow":["GET"]}}],"collection":[{"href":"https:\/\/vocesparalelas.com.ar\/sitio\/wp-json\/wp\/v2\/posts"}],"about":[{"href":"https:\/\/vocesparalelas.com.ar\/sitio\/wp-json\/wp\/v2\/types\/post"}],"author":[{"embeddable":true,"href":"https:\/\/vocesparalelas.com.ar\/sitio\/wp-json\/wp\/v2\/users\/3"}],"replies":[{"embeddable":true,"href":"https:\/\/vocesparalelas.com.ar\/sitio\/wp-json\/wp\/v2\/comments?post=47583"}],"version-history":[{"count":3,"href":"https:\/\/vocesparalelas.com.ar\/sitio\/wp-json\/wp\/v2\/posts\/47583\/revisions"}],"predecessor-version":[{"id":47640,"href":"https:\/\/vocesparalelas.com.ar\/sitio\/wp-json\/wp\/v2\/posts\/47583\/revisions\/47640"}],"wp:featuredmedia":[{"embeddable":true,"href":"https:\/\/vocesparalelas.com.ar\/sitio\/wp-json\/wp\/v2\/media\/47586"}],"wp:attachment":[{"href":"https:\/\/vocesparalelas.com.ar\/sitio\/wp-json\/wp\/v2\/media?parent=47583"}],"wp:term":[{"taxonomy":"category","embeddable":true,"href":"https:\/\/vocesparalelas.com.ar\/sitio\/wp-json\/wp\/v2\/categories?post=47583"},{"taxonomy":"post_tag","embeddable":true,"href":"https:\/\/vocesparalelas.com.ar\/sitio\/wp-json\/wp\/v2\/tags?post=47583"}],"curies":[{"name":"wp","href":"https:\/\/api.w.org\/{rel}","templated":true}]}}