{"id":47578,"date":"2022-04-04T21:24:10","date_gmt":"2022-04-05T00:24:10","guid":{"rendered":"https:\/\/vocesparalelas.com.ar\/sitio\/?p=47578"},"modified":"2022-04-06T23:27:57","modified_gmt":"2022-04-07T02:27:57","slug":"jornada-de-espiritualidad-para-politicos-y-dirigentes-sociales-de-san-juan","status":"publish","type":"post","link":"https:\/\/vocesparalelas.com.ar\/sitio\/jornada-de-espiritualidad-para-politicos-y-dirigentes-sociales-de-san-juan\/","title":{"rendered":"Jornada de espiritualidad para pol\u00edticos y dirigentes sociales de San Juan"},"content":{"rendered":"<p>El gobernador de San Juan, Dr. Sergio U\u00f1ac, recibi\u00f3 la visita en su despacho a los miembros de la Comisi\u00f3n Arquidiocesana de Justicia y Paz del Arzobispado de San Juan de Cuyo, entre ellos el sacerdote Jos\u00e9 Juan Garc\u00eda, H\u00e9ctor Allende, Ver\u00f3nica Chic\u00f3n, Ariel Ocampo, Roberto Pag\u00e9s, Cristina Cas\u00edvar, Virna Vinader y Silvia Berrino.<\/p>\n<p>El temario tratado abarc\u00f3 varios aspectos; en este sentido, el sacerdote Jos\u00e9 Juan Garc\u00eda inform\u00f3 que invitaron al gobernador a participar en una jornada de espiritualidad que tiene lugar el S\u00e1bado, 9 de Abril, para pol\u00edticos y dirigentes sociales, y detall\u00f3 que adem\u00e1s dialogaron sobre diversos aspectos relacionados con la sociedad sanjuanina.<\/p>\n<p><iframe loading=\"lazy\" title=\"El gobernador U\u00f1ac recibi\u00f3 a la Comisi\u00f3n Arquidiocesana de Justicia y Paz\" width=\"800\" height=\"450\" src=\"https:\/\/www.youtube.com\/embed\/ukXtbtaTxHc?feature=oembed\" frameborder=\"0\" allow=\"accelerometer; autoplay; clipboard-write; encrypted-media; gyroscope; picture-in-picture\" allowfullscreen><\/iframe><\/p>\n<p>Por su parte, H\u00e9ctor Allende agreg\u00f3 que durante el encuentro abordaron puntos relacionados con la participaci\u00f3n de la comisi\u00f3n en la Mesa del Agua. Adem\u00e1s, trabajar\u00e1 con distintas \u00e1reas de Gobierno sobre discapacidad, inclusi\u00f3n laboral, inclusi\u00f3n sanitaria, inclusi\u00f3n educativa.<\/p>\n<p>En este marco, Allende expres\u00f3 que hablaron con el gobernador de un proyecto presentado a la Corte sobre la administraci\u00f3n de justicia desde la perspectiva de la restauraci\u00f3n, para trabajar una pol\u00edtica p\u00fablica desde una justicia restaurativa\u201d.<\/p>\n<p>Finalmente, los miembros de la comisi\u00f3n comunicaron al primer mandatario sobre una iniciativa conjunta con la Universidad Cat\u00f3lica de Cuyo que contempla la creaci\u00f3n de la Escuela de L\u00edderes Sociales y explicaron que \u201cla Diplomatura de Liderazgo Social se ampliar\u00e1 a parroquias y municipios del interior de la provincia, con iniciativas que tiendan a capacitar a l\u00edderes sociales municipales desde la perspectiva del pensamiento social cristiano\u201d, concluy\u00f3 Allende.<\/p>\n<p>&nbsp;<\/p>\n<p>&nbsp;<\/p>\n","protected":false},"excerpt":{"rendered":"<p>El gobernador de San Juan, Dr. Sergio U\u00f1ac, recibi\u00f3 la visita en su despacho a los miembros de la Comisi\u00f3n<\/p>\n","protected":false},"author":3,"featured_media":47580,"comment_status":"closed","ping_status":"closed","sticky":false,"template":"","format":"video","meta":{"_acf_changed":false,"_seopress_robots_primary_cat":"none","_seopress_titles_title":"","_seopress_titles_desc":"","_seopress_robots_index":"","colormag_page_container_layout":"default_layout","colormag_page_sidebar_layout":"default_layout","footnotes":""},"categories":[9,7],"tags":[],"class_list":["post-47578","post","type-post","status-publish","format-video","has-post-thumbnail","hentry","category-cursos","category-videos","post_format-post-format-video"],"acf":[],"_links":{"self":[{"href":"https:\/\/vocesparalelas.com.ar\/sitio\/wp-json\/wp\/v2\/posts\/47578","targetHints":{"allow":["GET"]}}],"collection":[{"href":"https:\/\/vocesparalelas.com.ar\/sitio\/wp-json\/wp\/v2\/posts"}],"about":[{"href":"https:\/\/vocesparalelas.com.ar\/sitio\/wp-json\/wp\/v2\/types\/post"}],"author":[{"embeddable":true,"href":"https:\/\/vocesparalelas.com.ar\/sitio\/wp-json\/wp\/v2\/users\/3"}],"replies":[{"embeddable":true,"href":"https:\/\/vocesparalelas.com.ar\/sitio\/wp-json\/wp\/v2\/comments?post=47578"}],"version-history":[{"count":1,"href":"https:\/\/vocesparalelas.com.ar\/sitio\/wp-json\/wp\/v2\/posts\/47578\/revisions"}],"predecessor-version":[{"id":47581,"href":"https:\/\/vocesparalelas.com.ar\/sitio\/wp-json\/wp\/v2\/posts\/47578\/revisions\/47581"}],"wp:featuredmedia":[{"embeddable":true,"href":"https:\/\/vocesparalelas.com.ar\/sitio\/wp-json\/wp\/v2\/media\/47580"}],"wp:attachment":[{"href":"https:\/\/vocesparalelas.com.ar\/sitio\/wp-json\/wp\/v2\/media?parent=47578"}],"wp:term":[{"taxonomy":"category","embeddable":true,"href":"https:\/\/vocesparalelas.com.ar\/sitio\/wp-json\/wp\/v2\/categories?post=47578"},{"taxonomy":"post_tag","embeddable":true,"href":"https:\/\/vocesparalelas.com.ar\/sitio\/wp-json\/wp\/v2\/tags?post=47578"}],"curies":[{"name":"wp","href":"https:\/\/api.w.org\/{rel}","templated":true}]}}