{"id":47575,"date":"2022-04-04T20:05:30","date_gmt":"2022-04-04T23:05:30","guid":{"rendered":"https:\/\/vocesparalelas.com.ar\/sitio\/?p=47575"},"modified":"2022-04-06T01:10:59","modified_gmt":"2022-04-06T04:10:59","slug":"taller-de-formacion-de-nodocentes-la-importancia-de-su-rol-desde-una-mirada-orientadora-y-tutorial","status":"publish","type":"post","link":"https:\/\/vocesparalelas.com.ar\/sitio\/taller-de-formacion-de-nodocentes-la-importancia-de-su-rol-desde-una-mirada-orientadora-y-tutorial\/","title":{"rendered":"Taller de formaci\u00f3n de Nodocentes \u00abLa importancia de su rol desde una mirada orientadora y tutorial\u00bb"},"content":{"rendered":"<p>La Direcci\u00f3n de Psicolog\u00eda y Psicopedagog\u00eda,\u00a0 dependiente de Secretaria Acad\u00e9mica de la Universidad Nacional de San Juan informa que se encuentran abierta la inscripci\u00f3n para el Taller de formaci\u00f3n de Nodocentes \u00abLa importancia de su rol desde una mirada orientadora y tutorial\u00bb destinado al personal nodocentes de la UNSJ.<\/p>\n<p>Los interesados pueden inscribirse a trav\u00e9s del correo<\/p>\n<p><a href=\"psico@unsj.edu.ar\">psico@unsj.edu.ar<\/a><\/p>\n<p>Del 4 al 18 de Abril de 2022, cupos limitados y con certificaci\u00f3n.<\/p>\n","protected":false},"excerpt":{"rendered":"<p>La Direcci\u00f3n de Psicolog\u00eda y Psicopedagog\u00eda,\u00a0 dependiente de Secretaria Acad\u00e9mica de la Universidad Nacional de San Juan informa que se<\/p>\n","protected":false},"author":3,"featured_media":37900,"comment_status":"closed","ping_status":"closed","sticky":false,"template":"","format":"standard","meta":{"_acf_changed":false,"_seopress_robots_primary_cat":"none","_seopress_titles_title":"","_seopress_titles_desc":"","_seopress_robots_index":"","colormag_page_container_layout":"default_layout","colormag_page_sidebar_layout":"default_layout","footnotes":""},"categories":[9],"tags":[],"class_list":["post-47575","post","type-post","status-publish","format-standard","has-post-thumbnail","hentry","category-cursos"],"acf":[],"_links":{"self":[{"href":"https:\/\/vocesparalelas.com.ar\/sitio\/wp-json\/wp\/v2\/posts\/47575","targetHints":{"allow":["GET"]}}],"collection":[{"href":"https:\/\/vocesparalelas.com.ar\/sitio\/wp-json\/wp\/v2\/posts"}],"about":[{"href":"https:\/\/vocesparalelas.com.ar\/sitio\/wp-json\/wp\/v2\/types\/post"}],"author":[{"embeddable":true,"href":"https:\/\/vocesparalelas.com.ar\/sitio\/wp-json\/wp\/v2\/users\/3"}],"replies":[{"embeddable":true,"href":"https:\/\/vocesparalelas.com.ar\/sitio\/wp-json\/wp\/v2\/comments?post=47575"}],"version-history":[{"count":1,"href":"https:\/\/vocesparalelas.com.ar\/sitio\/wp-json\/wp\/v2\/posts\/47575\/revisions"}],"predecessor-version":[{"id":47577,"href":"https:\/\/vocesparalelas.com.ar\/sitio\/wp-json\/wp\/v2\/posts\/47575\/revisions\/47577"}],"wp:featuredmedia":[{"embeddable":true,"href":"https:\/\/vocesparalelas.com.ar\/sitio\/wp-json\/wp\/v2\/media\/37900"}],"wp:attachment":[{"href":"https:\/\/vocesparalelas.com.ar\/sitio\/wp-json\/wp\/v2\/media?parent=47575"}],"wp:term":[{"taxonomy":"category","embeddable":true,"href":"https:\/\/vocesparalelas.com.ar\/sitio\/wp-json\/wp\/v2\/categories?post=47575"},{"taxonomy":"post_tag","embeddable":true,"href":"https:\/\/vocesparalelas.com.ar\/sitio\/wp-json\/wp\/v2\/tags?post=47575"}],"curies":[{"name":"wp","href":"https:\/\/api.w.org\/{rel}","templated":true}]}}