{"id":47570,"date":"2022-04-04T19:33:19","date_gmt":"2022-04-04T22:33:19","guid":{"rendered":"https:\/\/vocesparalelas.com.ar\/sitio\/?p=47570"},"modified":"2022-04-05T01:36:54","modified_gmt":"2022-04-05T04:36:54","slug":"comienzan-los-cursos-del-programa-escuela-de-educacion-profesional-de-la-unsj-en-la-ffha","status":"publish","type":"post","link":"https:\/\/vocesparalelas.com.ar\/sitio\/comienzan-los-cursos-del-programa-escuela-de-educacion-profesional-de-la-unsj-en-la-ffha\/","title":{"rendered":"Comienzan los cursos del Programa Escuela de Educaci\u00f3n Profesional de la UNSJ en la FFHA"},"content":{"rendered":"<p>La Facultad de Filosof\u00eda, Humanidades y Artes de la Universidad Nacional de San Juan informa que se realiza el acto lanzamiento de los cursos \u00abLengua de Se\u00f1as\u00bb y \u00abAuxiliar de Laboratorio\u00bb, propuestas que integran la oferta brindada por la Unidad Acad\u00e9mica para el programa Escuela de Educaci\u00f3n Profesional de la UNSJ, el Martes, 5 de Abril, a las 9:30 horas en la Sala de Audio y Video.<\/p>\n<p><span style=\"color: #008000;\"><strong>Acerca del curso de Lengua de Se\u00f1as Argentina -LSA<\/strong><\/span><\/p>\n<p>El curso-capacitaci\u00f3n en Lengua de Se\u00f1as Argentina es una formaci\u00f3n cercana a una carrera de pre-grado, en donde quien se forme como int\u00e9rprete emp\u00edrico est\u00e9 preparado para ser id\u00f3neo en el \u00e1mbito de la interpretaci\u00f3n en Lengua de Se\u00f1as y Espa\u00f1ol; para desenvolverse de manera fluida en este idioma siendo una herramienta de comunicaci\u00f3n entre la persona sorda y el \u00e1mbito en el que se necesite.<\/p>\n<p>La formaci\u00f3n incluye vocabulario, modismos propios de la comunidad sorda, traducci\u00f3n de LSA a espa\u00f1ol y viceversa. Se realizan las pr\u00e1cticas dentro de la comunidad sorda y en diferentes \u00e1mbitos que le permitan agilizar el aprendizaje.<\/p>\n<p>Tiene una duraci\u00f3n de 2 a\u00f1os.<\/p>\n<p><strong><span style=\"color: #008000;\">Acerca de la propuesta Auxiliar de Laboratorio<\/span><\/strong><\/p>\n<p>El Curso-Taller es un trayecto formativo destinado al personal de apoyo en el trabajo de laboratorio. Est\u00e1 dirigido a profesionales afines, t\u00e9cnicos, egresados del nivel terciario y del nivel medio con conocimientos y\/o experiencia laboral en el \u00e1rea de las ciencias experimentales con el objetivo \u00faltimo de reforzar destrezas en las \u00e1reas de administraci\u00f3n, organizaci\u00f3n y manipulaci\u00f3n en tareas encuadrado dentro de las Buenas Pr\u00e1cticas de Laboratorio.<\/p>\n<p>Este Curso-Taller se implementa con una duraci\u00f3n de un ciclo lectivo de 8 meses.<\/p>\n<p>La certificaci\u00f3n se extiende por m\u00f3dulos o por curso completo, valorando la asistencia, realizaci\u00f3n de pr\u00e1cticas e informes de laboratorio y pr\u00e1cticos evaluables.<\/p>\n","protected":false},"excerpt":{"rendered":"<p>La Facultad de Filosof\u00eda, Humanidades y Artes de la Universidad Nacional de San Juan informa que se realiza el acto<\/p>\n","protected":false},"author":3,"featured_media":43889,"comment_status":"closed","ping_status":"closed","sticky":false,"template":"","format":"standard","meta":{"_acf_changed":false,"_seopress_robots_primary_cat":"none","_seopress_titles_title":"","_seopress_titles_desc":"","_seopress_robots_index":"","colormag_page_container_layout":"default_layout","colormag_page_sidebar_layout":"default_layout","footnotes":""},"categories":[1],"tags":[],"class_list":["post-47570","post","type-post","status-publish","format-standard","has-post-thumbnail","hentry","category-destacadas"],"acf":[],"_links":{"self":[{"href":"https:\/\/vocesparalelas.com.ar\/sitio\/wp-json\/wp\/v2\/posts\/47570","targetHints":{"allow":["GET"]}}],"collection":[{"href":"https:\/\/vocesparalelas.com.ar\/sitio\/wp-json\/wp\/v2\/posts"}],"about":[{"href":"https:\/\/vocesparalelas.com.ar\/sitio\/wp-json\/wp\/v2\/types\/post"}],"author":[{"embeddable":true,"href":"https:\/\/vocesparalelas.com.ar\/sitio\/wp-json\/wp\/v2\/users\/3"}],"replies":[{"embeddable":true,"href":"https:\/\/vocesparalelas.com.ar\/sitio\/wp-json\/wp\/v2\/comments?post=47570"}],"version-history":[{"count":3,"href":"https:\/\/vocesparalelas.com.ar\/sitio\/wp-json\/wp\/v2\/posts\/47570\/revisions"}],"predecessor-version":[{"id":47574,"href":"https:\/\/vocesparalelas.com.ar\/sitio\/wp-json\/wp\/v2\/posts\/47570\/revisions\/47574"}],"wp:featuredmedia":[{"embeddable":true,"href":"https:\/\/vocesparalelas.com.ar\/sitio\/wp-json\/wp\/v2\/media\/43889"}],"wp:attachment":[{"href":"https:\/\/vocesparalelas.com.ar\/sitio\/wp-json\/wp\/v2\/media?parent=47570"}],"wp:term":[{"taxonomy":"category","embeddable":true,"href":"https:\/\/vocesparalelas.com.ar\/sitio\/wp-json\/wp\/v2\/categories?post=47570"},{"taxonomy":"post_tag","embeddable":true,"href":"https:\/\/vocesparalelas.com.ar\/sitio\/wp-json\/wp\/v2\/tags?post=47570"}],"curies":[{"name":"wp","href":"https:\/\/api.w.org\/{rel}","templated":true}]}}