{"id":47567,"date":"2022-04-04T23:00:23","date_gmt":"2022-04-05T02:00:23","guid":{"rendered":"https:\/\/vocesparalelas.com.ar\/sitio\/?p=47567"},"modified":"2022-04-05T02:14:10","modified_gmt":"2022-04-05T05:14:10","slug":"feria-de-pascuas-de-los-emprendedores-sociales-de-san-juan","status":"publish","type":"post","link":"https:\/\/vocesparalelas.com.ar\/sitio\/feria-de-pascuas-de-los-emprendedores-sociales-de-san-juan\/","title":{"rendered":"Feria de Pascuas de los emprendedores sociales de San Juan"},"content":{"rendered":"<p>El Ministerio de Desarrollo Humano y Promoci\u00f3n Social del Gobierno de San Juan, a trav\u00e9s de la Direcci\u00f3n de Emprendedores Sociales\u00a0en conjunto con la\u00a0Direcci\u00f3n de Desarrollo Local y Econom\u00eda Social\u00a0promueve la exposici\u00f3n y venta de productos artesanales, a precios muy convenientes y garantizando calidad.<\/p>\n<p>Con el objetivo de impulsar el trabajo de los emprendedores sociales de los 19 departamentos, es que se generan ferias con tem\u00e1ticas diversas, permitiendo la continuidad y sostenibilidad de los emprendimientos al ofertar sus productos.<\/p>\n<p>La Feria de Pascuas se lleva adelante el Mi\u00e9rcoles, 6 de Abril,\u00a0desde las\u00a09 horas\u00a0en la\u00a0Plaza Seca del Centro C\u00edvico. La iniciativa busca fortalecer a este sector de la econom\u00eda social, como as\u00ed tambi\u00e9n, favorecer la inserci\u00f3n de los mismos en el mercado formal.<\/p>\n<p>En este sentido, la propuesta busca visibilizar los sabores tradicionales, as\u00ed como tambi\u00e9n, coloridos huevos de chocolate blanco y negro, como tambi\u00e9n las roscas de pascua tradicionales. Es as\u00ed que las y los artesanos sanjuaninos desplegar\u00e1n sus ofertas, donde se destacar\u00e1n con productos y sabores regionales.<\/p>\n<p>Valorando la originalidad de los productos artesanales, y reconociendo el trabajo y esfuerzo que hay detr\u00e1s de ellos, es que el gobierno de la provincia, reafirma la apuesta por la econom\u00eda regional y dispone las condiciones y herramientas apropiadas para el desarrollo sostenible.<\/p>\n<p>Esta herramienta tiene como eje propiciar el crecimiento e integraci\u00f3n de cada integrante de la econom\u00eda social provincial, fortaleciendo y creando nuevos canales de distribuci\u00f3n y venta que permitan incrementar los ingresos del sector lo que se traduce en mejoras en la econom\u00eda de cada familia involucrada.<\/p>\n<p><span style=\"color: #339966;\"><strong>Si quieres participar de las Ferias Virtuales tem\u00e1ticas, puede comunicarse a trav\u00e9s de las siguientes l\u00edneas:<\/strong><\/span><\/p>\n<ul>\n<li>Tel\u00e9fonos de la Direcci\u00f3n de Emprendedores Sociales: 4306078 \u2013 4306059 \u2013 WhatsApp 264-505-3411.<\/li>\n<li>Tel\u00e9fonos de la Direcci\u00f3n de Desarrollo Local y Econom\u00eda Social: 4306148-4306065.<\/li>\n<li>Fanpage\u00a0<a href=\"https:\/\/www.facebook.com\/AsociativismoyEmprendedoresDeSanJuan\">Asociativismo y Emprendedores de San Juan<\/a>.<\/li>\n<li>En las oficinas del Centro C\u00edvico, primer (1\u00ba) Piso.<\/li>\n<\/ul>\n","protected":false},"excerpt":{"rendered":"<p>El Ministerio de Desarrollo Humano y Promoci\u00f3n Social del Gobierno de San Juan, a trav\u00e9s de la Direcci\u00f3n de Emprendedores<\/p>\n","protected":false},"author":3,"featured_media":16160,"comment_status":"closed","ping_status":"closed","sticky":false,"template":"","format":"standard","meta":{"_acf_changed":false,"_seopress_robots_primary_cat":"none","_seopress_titles_title":"","_seopress_titles_desc":"","_seopress_robots_index":"","colormag_page_container_layout":"default_layout","colormag_page_sidebar_layout":"default_layout","footnotes":""},"categories":[1],"tags":[],"class_list":["post-47567","post","type-post","status-publish","format-standard","has-post-thumbnail","hentry","category-destacadas"],"acf":[],"_links":{"self":[{"href":"https:\/\/vocesparalelas.com.ar\/sitio\/wp-json\/wp\/v2\/posts\/47567","targetHints":{"allow":["GET"]}}],"collection":[{"href":"https:\/\/vocesparalelas.com.ar\/sitio\/wp-json\/wp\/v2\/posts"}],"about":[{"href":"https:\/\/vocesparalelas.com.ar\/sitio\/wp-json\/wp\/v2\/types\/post"}],"author":[{"embeddable":true,"href":"https:\/\/vocesparalelas.com.ar\/sitio\/wp-json\/wp\/v2\/users\/3"}],"replies":[{"embeddable":true,"href":"https:\/\/vocesparalelas.com.ar\/sitio\/wp-json\/wp\/v2\/comments?post=47567"}],"version-history":[{"count":1,"href":"https:\/\/vocesparalelas.com.ar\/sitio\/wp-json\/wp\/v2\/posts\/47567\/revisions"}],"predecessor-version":[{"id":47569,"href":"https:\/\/vocesparalelas.com.ar\/sitio\/wp-json\/wp\/v2\/posts\/47567\/revisions\/47569"}],"wp:featuredmedia":[{"embeddable":true,"href":"https:\/\/vocesparalelas.com.ar\/sitio\/wp-json\/wp\/v2\/media\/16160"}],"wp:attachment":[{"href":"https:\/\/vocesparalelas.com.ar\/sitio\/wp-json\/wp\/v2\/media?parent=47567"}],"wp:term":[{"taxonomy":"category","embeddable":true,"href":"https:\/\/vocesparalelas.com.ar\/sitio\/wp-json\/wp\/v2\/categories?post=47567"},{"taxonomy":"post_tag","embeddable":true,"href":"https:\/\/vocesparalelas.com.ar\/sitio\/wp-json\/wp\/v2\/tags?post=47567"}],"curies":[{"name":"wp","href":"https:\/\/api.w.org\/{rel}","templated":true}]}}