{"id":47561,"date":"2022-04-04T22:46:07","date_gmt":"2022-04-05T01:46:07","guid":{"rendered":"https:\/\/vocesparalelas.com.ar\/sitio\/?p=47561"},"modified":"2022-04-04T23:16:14","modified_gmt":"2022-04-05T02:16:14","slug":"68-edicion-de-la-feria-agroproductiva-para-aprovechar-los-precios-que-ofrecen-los-productores-de-san-juan","status":"publish","type":"post","link":"https:\/\/vocesparalelas.com.ar\/sitio\/68-edicion-de-la-feria-agroproductiva-para-aprovechar-los-precios-que-ofrecen-los-productores-de-san-juan\/","title":{"rendered":"68\u00b0 edici\u00f3n de la Feria Agroproductiva para aprovechar los precios que ofrecen los productores de San Juan"},"content":{"rendered":"<p>El S\u00e1bado, 9 de Abril, de 9.30 a 14 hs.;\u00a0 en el Paseo de las Palmeras del Parque de Mayo, San Luis y Urquiza, se desarrolla la 68\u00b0 edici\u00f3n de la Feria Agroproductiva para aprovechar los precios que ofrecen los emprendedores de San Juan.<\/p>\n<p>La feria, organizada por la Direcci\u00f3n de Desarrollo Agr\u00edcola dependiente de la Secretar\u00eda de Agricultura, Ganader\u00eda y Agroindustria del Ministerio de Producci\u00f3n y Desarrollo Econ\u00f3mico del Gobierno de San Juan, que cuenta con la venta de productos shows en vivo y sorteos de productosOrigen San Juan.<\/p>\n<p>Adem\u00e1s, hay un stand de vinos, anticip\u00e1ndose al D\u00eda Mundial del Malbec, fecha que no solo es el s\u00edmbolo de la transformaci\u00f3n de la vitivinicultura argentina, sino el punto de partida para el desarrollo de esta cepa, emblema del pa\u00eds a nivel mundial.<\/p>\n<p><span style=\"color: #339966;\"><strong>Sobre la Feria Agroproductiva<\/strong><\/span><\/p>\n<p>Este evento naci\u00f3 en septiembre de 2013 como una actividad para celebrar el D\u00eda del Productor. Debido al gran \u00e9xito que tuvo se decidi\u00f3 su continuidad con una fecha fija, quedando estipulado el primer s\u00e1bado de cada mes.<\/p>\n<p>Esta feria es elegida por cientos de sanjuaninos mes a mes. Cuenta con m\u00e1s de 160 productores de frutas, verduras, huevos, dulces, aceites, productos gourmet, vinos, miel, frutos secos, especias, arom\u00e1ticas, conservas y plantas, entre otros.<\/p>\n<p>El objetivo de esta feria es acercar de manera directa la producci\u00f3n de un gran n\u00famero de peque\u00f1os productores al consumidor sanjuanino. Resulta una alternativa de inter\u00e9s no s\u00f3lo desde el punto de vista econ\u00f3mico para los primeros, reduciendo el n\u00famero de intermediarios en la cadena de comercializaci\u00f3n, sino tambi\u00e9n la posibilidad para el consumidor de recibir productos de calidad a precios m\u00e1s accesibles.<\/p>\n<p>Tambi\u00e9n se pretende dotar a los productores de las herramientas adecuadas que le permitan enfrentar los diversos canales comerciales de una forma eficiente y rentable.<\/p>\n<p>&nbsp;<\/p>\n<p>&nbsp;<\/p>\n","protected":false},"excerpt":{"rendered":"<p>El S\u00e1bado, 9 de Abril, de 9.30 a 14 hs.;\u00a0 en el Paseo de las Palmeras del Parque de Mayo,<\/p>\n","protected":false},"author":3,"featured_media":26832,"comment_status":"closed","ping_status":"closed","sticky":false,"template":"","format":"standard","meta":{"_acf_changed":false,"_seopress_robots_primary_cat":"none","_seopress_titles_title":"","_seopress_titles_desc":"","_seopress_robots_index":"","colormag_page_container_layout":"default_layout","colormag_page_sidebar_layout":"default_layout","footnotes":""},"categories":[1],"tags":[],"class_list":["post-47561","post","type-post","status-publish","format-standard","has-post-thumbnail","hentry","category-destacadas"],"acf":[],"_links":{"self":[{"href":"https:\/\/vocesparalelas.com.ar\/sitio\/wp-json\/wp\/v2\/posts\/47561","targetHints":{"allow":["GET"]}}],"collection":[{"href":"https:\/\/vocesparalelas.com.ar\/sitio\/wp-json\/wp\/v2\/posts"}],"about":[{"href":"https:\/\/vocesparalelas.com.ar\/sitio\/wp-json\/wp\/v2\/types\/post"}],"author":[{"embeddable":true,"href":"https:\/\/vocesparalelas.com.ar\/sitio\/wp-json\/wp\/v2\/users\/3"}],"replies":[{"embeddable":true,"href":"https:\/\/vocesparalelas.com.ar\/sitio\/wp-json\/wp\/v2\/comments?post=47561"}],"version-history":[{"count":2,"href":"https:\/\/vocesparalelas.com.ar\/sitio\/wp-json\/wp\/v2\/posts\/47561\/revisions"}],"predecessor-version":[{"id":47566,"href":"https:\/\/vocesparalelas.com.ar\/sitio\/wp-json\/wp\/v2\/posts\/47561\/revisions\/47566"}],"wp:featuredmedia":[{"embeddable":true,"href":"https:\/\/vocesparalelas.com.ar\/sitio\/wp-json\/wp\/v2\/media\/26832"}],"wp:attachment":[{"href":"https:\/\/vocesparalelas.com.ar\/sitio\/wp-json\/wp\/v2\/media?parent=47561"}],"wp:term":[{"taxonomy":"category","embeddable":true,"href":"https:\/\/vocesparalelas.com.ar\/sitio\/wp-json\/wp\/v2\/categories?post=47561"},{"taxonomy":"post_tag","embeddable":true,"href":"https:\/\/vocesparalelas.com.ar\/sitio\/wp-json\/wp\/v2\/tags?post=47561"}],"curies":[{"name":"wp","href":"https:\/\/api.w.org\/{rel}","templated":true}]}}