{"id":47550,"date":"2022-04-04T13:49:00","date_gmt":"2022-04-04T16:49:00","guid":{"rendered":"https:\/\/vocesparalelas.com.ar\/sitio\/?p=47550"},"modified":"2022-04-04T22:26:32","modified_gmt":"2022-04-05T01:26:32","slug":"aclaracion-de-la-municipalidad-de-rivadavia-y-el-trabajo-que-se-viene-junto-a-la-secretaria-de-estado-de-ambiente-y-desarrollo-sustentable-de-san-juan","status":"publish","type":"post","link":"https:\/\/vocesparalelas.com.ar\/sitio\/aclaracion-de-la-municipalidad-de-rivadavia-y-el-trabajo-que-se-viene-junto-a-la-secretaria-de-estado-de-ambiente-y-desarrollo-sustentable-de-san-juan\/","title":{"rendered":"Aclaraci\u00f3n de la Municipalidad de Rivadavia y el trabajo que se viene junto a la Secretar\u00eda de Estado de Ambiente y Desarrollo Sustentable de San Juan"},"content":{"rendered":"<p>Ante los tristes sucesos ocurridos el Domingo, 03 de Abril de 2022, en el Parque Tecnol\u00f3gico Ambiental, ubicado en el Departamento Rivadavia, Provincia de San Juan, dependiente de la Secretar\u00eda de Estado de Ambiente y Desarrollo Sustentable del Gobierno de San Juan, donde falleciera una persona atacada por una jaur\u00eda canina.<\/p>\n<p>Ante\u00a0 las declaraciones efectuadas el Lunes, 04 de Abril, por el Secretario de Estado de Ambiente y Desarrollo Sustentable, Francisco Guevara, a trav\u00e9s de las cuales responsabiliza a los municipios de la problem\u00e1tica de los \u00abPerros Callejeros\u00bb, y en particular a la Municipalidad de Rivadavia por lo sucedido.<\/p>\n<p>Por ello, la Municipalidad de Rivadavia aclara que no tiene absolutamente ninguna responsabilidad de los hechos, siendo responsabilidad y competencia exclusiva de la Secretaria de Estado de Ambiente y Desarrollo Sustentable.<\/p>\n<p>Sin perjuicio de ello, cabe destacar que el Municipio se pone a disposici\u00f3n de la Secretar\u00eda de Ambiente y Desarrollo Sustentable para colaborar en lo que el organismo requiera, en la b\u00fasqueda de soluciones tendientes a minimizar la problem\u00e1tica lo antes posible.<\/p>\n<p>Es as\u00ed que, la\u00a0Ley Lara 2190:\u00a0 ART\u00cdCULO 29.- La Autoridad de Aplicaci\u00f3n ser\u00e1 la Secretar\u00eda de Ambiente y Desarrollo Sustentable, o el organismo que en el futuro la reemplace, quien deber\u00e1 reglamentar la ley en un plazo de noventa (90) d\u00edas.<\/p>\n<p>Ley 2005 L, Ley madre anterior a la ley Lara, ART\u00cdCULO 13.- Rescate y alojamiento de animales de compa\u00f1\u00eda: El rescate y alojamiento de animales de compa\u00f1\u00eda extraviados, abandonados y vagabundos estar\u00e1 a cargo de la autoridad de aplicaci\u00f3n.<\/p>\n<p>Sobre este tema, el Intendente de la Municipalidad de Rivadavia, Dr. Fabi\u00e1n Mart\u00edn hizo declaraciones a los periodistas San Juan, quien explic\u00f3 que mantuvo una reuni\u00f3n con el Secretario de Estado de Ambiente y Desarrollo Sustentable, Francisco Guevara para trabajar juntos con otros organismo para solucionar la situaci\u00f3n de los perros salvajes.<\/p>\n<p><iframe loading=\"lazy\" title=\"DR FABI\u00c1N MART\u00cdN\" width=\"800\" height=\"450\" src=\"https:\/\/www.youtube.com\/embed\/euxUEIDhhKA?feature=oembed\" frameborder=\"0\" allow=\"accelerometer; autoplay; clipboard-write; encrypted-media; gyroscope; picture-in-picture\" allowfullscreen><\/iframe><\/p>\n<p>&nbsp;<\/p>\n<p><img loading=\"lazy\" decoding=\"async\" class=\"alignnone size-large wp-image-42675\" src=\"https:\/\/vocesparalelas.com.ar\/sitio\/wp-content\/uploads\/2021\/10\/RIVADAVIA-LOGO-800x600.jpg\" alt=\"\" width=\"800\" height=\"600\" srcset=\"https:\/\/vocesparalelas.com.ar\/sitio\/wp-content\/uploads\/2021\/10\/RIVADAVIA-LOGO-800x600.jpg 800w, https:\/\/vocesparalelas.com.ar\/sitio\/wp-content\/uploads\/2021\/10\/RIVADAVIA-LOGO-300x225.jpg 300w, https:\/\/vocesparalelas.com.ar\/sitio\/wp-content\/uploads\/2021\/10\/RIVADAVIA-LOGO-768x576.jpg 768w, https:\/\/vocesparalelas.com.ar\/sitio\/wp-content\/uploads\/2021\/10\/RIVADAVIA-LOGO.jpg 1024w\" sizes=\"auto, (max-width: 800px) 100vw, 800px\" \/><\/p>\n<p>&nbsp;<\/p>\n<p>&nbsp;<\/p>\n","protected":false},"excerpt":{"rendered":"<p>Ante los tristes sucesos ocurridos el Domingo, 03 de Abril de 2022, en el Parque Tecnol\u00f3gico Ambiental, ubicado en el<\/p>\n","protected":false},"author":3,"featured_media":47554,"comment_status":"closed","ping_status":"closed","sticky":false,"template":"","format":"standard","meta":{"_acf_changed":false,"_seopress_robots_primary_cat":"none","_seopress_titles_title":"","_seopress_titles_desc":"","_seopress_robots_index":"","colormag_page_container_layout":"default_layout","colormag_page_sidebar_layout":"default_layout","footnotes":""},"categories":[1,7],"tags":[],"class_list":["post-47550","post","type-post","status-publish","format-standard","has-post-thumbnail","hentry","category-destacadas","category-videos"],"acf":[],"_links":{"self":[{"href":"https:\/\/vocesparalelas.com.ar\/sitio\/wp-json\/wp\/v2\/posts\/47550","targetHints":{"allow":["GET"]}}],"collection":[{"href":"https:\/\/vocesparalelas.com.ar\/sitio\/wp-json\/wp\/v2\/posts"}],"about":[{"href":"https:\/\/vocesparalelas.com.ar\/sitio\/wp-json\/wp\/v2\/types\/post"}],"author":[{"embeddable":true,"href":"https:\/\/vocesparalelas.com.ar\/sitio\/wp-json\/wp\/v2\/users\/3"}],"replies":[{"embeddable":true,"href":"https:\/\/vocesparalelas.com.ar\/sitio\/wp-json\/wp\/v2\/comments?post=47550"}],"version-history":[{"count":3,"href":"https:\/\/vocesparalelas.com.ar\/sitio\/wp-json\/wp\/v2\/posts\/47550\/revisions"}],"predecessor-version":[{"id":47555,"href":"https:\/\/vocesparalelas.com.ar\/sitio\/wp-json\/wp\/v2\/posts\/47550\/revisions\/47555"}],"wp:featuredmedia":[{"embeddable":true,"href":"https:\/\/vocesparalelas.com.ar\/sitio\/wp-json\/wp\/v2\/media\/47554"}],"wp:attachment":[{"href":"https:\/\/vocesparalelas.com.ar\/sitio\/wp-json\/wp\/v2\/media?parent=47550"}],"wp:term":[{"taxonomy":"category","embeddable":true,"href":"https:\/\/vocesparalelas.com.ar\/sitio\/wp-json\/wp\/v2\/categories?post=47550"},{"taxonomy":"post_tag","embeddable":true,"href":"https:\/\/vocesparalelas.com.ar\/sitio\/wp-json\/wp\/v2\/tags?post=47550"}],"curies":[{"name":"wp","href":"https:\/\/api.w.org\/{rel}","templated":true}]}}