{"id":47547,"date":"2022-04-03T21:54:45","date_gmt":"2022-04-04T00:54:45","guid":{"rendered":"https:\/\/vocesparalelas.com.ar\/sitio\/?p=47547"},"modified":"2022-04-05T23:13:46","modified_gmt":"2022-04-06T02:13:46","slug":"vacunacion-antigripal-en-san-juan","status":"publish","type":"post","link":"https:\/\/vocesparalelas.com.ar\/sitio\/vacunacion-antigripal-en-san-juan\/","title":{"rendered":"Vacunaci\u00f3n antigripal en San Juan"},"content":{"rendered":"<p>El Ministerio de Salud P\u00fablica del Gobierno de San Juan a trav\u00e9s del Programa Provincial de Inmunizaciones comunica que desde el Lunes, 4 de Abril se avanza en los nuevos grupos de riesgo:<\/p>\n<ul>\n<li>Personas mayores de 65 a\u00f1os.<\/li>\n<li>Embarazadas.<\/li>\n<li>Ni\u00f1os hasta los 9 a\u00f1os con comorbilidades.<\/li>\n<li>Se contin\u00faa vacunando al personal de salud y a los ni\u00f1os entre 6 a 24 meses y de 25 a 36 meses.<\/li>\n<\/ul>\n<p>Este nuevo grupo se pueden acercar por los vacunatorios de los centros de salud y hospitales para colocarse la vacuna antigripal.<\/p>\n<p><strong><span style=\"color: #99cc00;\">Los requisitos que se van a solicitar en los vacunatorios son:<\/span><\/strong><\/p>\n<ul>\n<li>DNI.<\/li>\n<li>Carnet de Vacunaci\u00f3n.<\/li>\n<li>Indicaci\u00f3n M\u00e9dica para las personas que padezcan comorbilidades.<\/li>\n<\/ul>\n<p><span style=\"color: #99cc00;\"><strong>\u00bfCu\u00e1les son los factores de riesgo para recibir la vacuna antigripal?<\/strong><\/span><\/p>\n<p><span style=\"color: #99cc00;\"><strong>Enfermedades respiratorias cr\u00f3nicas<\/strong><\/span><\/p>\n<ul>\n<li>Cr\u00f3nica: hernia diafragm\u00e1tica, enfermedad pulmonar obstructiva cr\u00f3nica (EPOC), enfisema cong\u00e9nito, displasia broncopulmonar, traqueostomizados cr\u00f3nicos, bronquiectasias, fibrosis qu\u00edstica, etc.<\/li>\n<li>Asma moderada y grave.<\/li>\n<\/ul>\n<p><span style=\"color: #99cc00;\"><strong>Enfermedades card\u00edacas<\/strong><\/span><\/p>\n<ul>\n<li>Insuficiencia card\u00edaca, enfermedad coronaria, reemplazo valvular, valvulopat\u00edas.<\/li>\n<li>Cardiopat\u00edas cong\u00e9nitas.<\/li>\n<\/ul>\n<p><span style=\"color: #99cc00;\"><strong>Inmunodeficiencias cong\u00e9nitas o adquiridas , no oncohematol\u00f3gica<\/strong><\/span><\/p>\n<ul>\n<li>Infecci\u00f3n por VIH\/sida.<\/li>\n<li>Utilizaci\u00f3n de medicaci\u00f3n inmunosupresora o corticoides en altas dosis.<\/li>\n<li>Inmunodeficiencia cong\u00e9nita.<\/li>\n<li>Asplenia funcional o anat\u00f3mica (incluida anemia drepanoc\u00edtica)<\/li>\n<li>Desnutrici\u00f3n grave.<\/li>\n<\/ul>\n<p><span style=\"color: #99cc00;\"><strong>Pacientes oncohematol\u00f3gicos y trasplantados<\/strong><\/span><\/p>\n<ul>\n<li>Tumor de \u00f3rgano s\u00f3lido en tratamiento.<\/li>\n<li>Enfermedad oncohematol\u00f3gica, hasta seis meses posteriores a la remisi\u00f3n completa.<\/li>\n<li>Trasplantados de \u00f3rganos s\u00f3lidos o precursores hematopoy\u00e9ticos.<\/li>\n<\/ul>\n<p><span style=\"color: #99cc00;\"><strong>Otros factores de riesgo para gripe<\/strong><\/span><\/p>\n<ul>\n<li>Obesidad m\u00f3rbida, con \u00edndice de masa corporal mayor a 40 Kg\/m2.<\/li>\n<li>Diabetes.<\/li>\n<li>Insuficiencia renal cr\u00f3nica en di\u00e1lisis o expectativas de ingresar a di\u00e1lisis en los siguientes seis meses.<\/li>\n<li>Retraso madurativo grave en menores de 18 a\u00f1os de edad.<\/li>\n<\/ul>\n<p>El Ministerio de Salud de la Naci\u00f3n envi\u00f3 a la provincia 5.600 viraflu adulto y 11.200 fluxvir para mayores de 65 a\u00f1os. Las vacunas fueron distribuidas a los diferentes centros de salud y hospitales, el Domingo, 03 de Abril, para iniciar con la vacunaci\u00f3n desde el Lunes, 04 de Abril de 2022, con el prop\u00f3sito de evitar complicaciones, hospitalizaciones y muertes que pueda causar el virus influenza.<\/p>\n","protected":false},"excerpt":{"rendered":"<p>El Ministerio de Salud P\u00fablica del Gobierno de San Juan a trav\u00e9s del Programa Provincial de Inmunizaciones comunica que desde<\/p>\n","protected":false},"author":3,"featured_media":37498,"comment_status":"closed","ping_status":"closed","sticky":false,"template":"","format":"standard","meta":{"_acf_changed":false,"_seopress_robots_primary_cat":"none","_seopress_titles_title":"","_seopress_titles_desc":"","_seopress_robots_index":"","colormag_page_container_layout":"default_layout","colormag_page_sidebar_layout":"default_layout","footnotes":""},"categories":[6],"tags":[],"class_list":["post-47547","post","type-post","status-publish","format-standard","has-post-thumbnail","hentry","category-eventos"],"acf":[],"_links":{"self":[{"href":"https:\/\/vocesparalelas.com.ar\/sitio\/wp-json\/wp\/v2\/posts\/47547","targetHints":{"allow":["GET"]}}],"collection":[{"href":"https:\/\/vocesparalelas.com.ar\/sitio\/wp-json\/wp\/v2\/posts"}],"about":[{"href":"https:\/\/vocesparalelas.com.ar\/sitio\/wp-json\/wp\/v2\/types\/post"}],"author":[{"embeddable":true,"href":"https:\/\/vocesparalelas.com.ar\/sitio\/wp-json\/wp\/v2\/users\/3"}],"replies":[{"embeddable":true,"href":"https:\/\/vocesparalelas.com.ar\/sitio\/wp-json\/wp\/v2\/comments?post=47547"}],"version-history":[{"count":1,"href":"https:\/\/vocesparalelas.com.ar\/sitio\/wp-json\/wp\/v2\/posts\/47547\/revisions"}],"predecessor-version":[{"id":47549,"href":"https:\/\/vocesparalelas.com.ar\/sitio\/wp-json\/wp\/v2\/posts\/47547\/revisions\/47549"}],"wp:featuredmedia":[{"embeddable":true,"href":"https:\/\/vocesparalelas.com.ar\/sitio\/wp-json\/wp\/v2\/media\/37498"}],"wp:attachment":[{"href":"https:\/\/vocesparalelas.com.ar\/sitio\/wp-json\/wp\/v2\/media?parent=47547"}],"wp:term":[{"taxonomy":"category","embeddable":true,"href":"https:\/\/vocesparalelas.com.ar\/sitio\/wp-json\/wp\/v2\/categories?post=47547"},{"taxonomy":"post_tag","embeddable":true,"href":"https:\/\/vocesparalelas.com.ar\/sitio\/wp-json\/wp\/v2\/tags?post=47547"}],"curies":[{"name":"wp","href":"https:\/\/api.w.org\/{rel}","templated":true}]}}