{"id":47534,"date":"2022-04-02T21:24:56","date_gmt":"2022-04-03T00:24:56","guid":{"rendered":"https:\/\/vocesparalelas.com.ar\/sitio\/?p=47534"},"modified":"2022-04-02T23:25:08","modified_gmt":"2022-04-03T02:25:08","slug":"viva-la-patria-para-recordar-a-los-heroes-a-los-40-anos-de-la-guerra-de-malvinas-que-son-argentinas","status":"publish","type":"post","link":"https:\/\/vocesparalelas.com.ar\/sitio\/viva-la-patria-para-recordar-a-los-heroes-a-los-40-anos-de-la-guerra-de-malvinas-que-son-argentinas\/","title":{"rendered":"\u00a1Viva la Patria! para recordar a los h\u00e9roes a los 40 a\u00f1os de la Guerra de Malvinas que son Argentinas"},"content":{"rendered":"<div class=\"itemFullText jbintrotext\">\n<p>El vicegobernador de la provincia, Roberto Gattoni, encabez\u00f3 en el monumento a los Ca\u00eddos de Malvinas, situado en plaza Espa\u00f1a de nuestra ciudad, el acto central de conmemoraci\u00f3n por el 40\u00ba aniversario del conflicto del Atl\u00e1ntico Sur que homenaje\u00f3 a nuestros h\u00e9roes de guerra.<\/p>\n<p>El acto comenz\u00f3 con la entonaci\u00f3n del Himno Nacional Argentino acompa\u00f1ado por la Banda de M\u00fasica del del Regimiento de Infanter\u00eda de Monta\u00f1a 22 \u201cTeniente coronel Juan Manuel Cabot\u201d, bajo la direcci\u00f3n del teniente primero, jefe de Banda, Marcelo Guillermo Z\u00e1rate.<\/p>\n<\/div>\n<p><iframe loading=\"lazy\" title=\"40 A\u00d1OS MALVINAS\" width=\"800\" height=\"450\" src=\"https:\/\/www.youtube.com\/embed\/OYIKzUnFt1M?feature=oembed\" frameborder=\"0\" allow=\"accelerometer; autoplay; clipboard-write; encrypted-media; gyroscope; picture-in-picture\" allowfullscreen><\/iframe><\/p>\n<p>&nbsp;<\/p>\n<p>Posteriormente, se desarroll\u00f3 el momento m\u00e1s emotivo que es el Minuto de Silencio para todos aquellos que quedaron en la Islas Malvinas entregando su vida por la Patria.<\/p>\n<p><iframe loading=\"lazy\" title=\"40 A\u00d1OS MALVINAS\" width=\"800\" height=\"450\" src=\"https:\/\/www.youtube.com\/embed\/c83NplKJnHE?feature=oembed\" frameborder=\"0\" allow=\"accelerometer; autoplay; clipboard-write; encrypted-media; gyroscope; picture-in-picture\" allowfullscreen><\/iframe><\/p>\n<p>El capell\u00e1n del RIM 22, presb\u00edtero Adolfo Cal\u00edvar fue el Sacerdote responsable de brindar la bendici\u00f3n a 40 a\u00f1os de la Guerra de las Malvinas y en memoria de los h\u00e9roes.<\/p>\n<p>&nbsp;<\/p>\n<p><iframe loading=\"lazy\" title=\"40 A\u00d1OS MALVINAS\" width=\"800\" height=\"450\" src=\"https:\/\/www.youtube.com\/embed\/HAgvJayyGy4?feature=oembed\" frameborder=\"0\" allow=\"accelerometer; autoplay; clipboard-write; encrypted-media; gyroscope; picture-in-picture\" allowfullscreen><\/iframe><\/p>\n<div class=\"itemFullText\">\n<p>En la oportunidad, participaron los ministros de Gobierno, Alberto Hensel; de Educaci\u00f3n, Cecilia Trincado, de Salud, Alejandra Venerando y de Hacienda y Finanzas, Marisa L\u00f3pez; el intendente municipal de la ciudad de San Juan, Emilio Baistrocchi; el secretario de Relaciones Institucionales, Marcelo Fretes; el jefe del Regimiento de Infanter\u00eda de Monta\u00f1a 22, coronel Mart\u00edn Guillermo Mendoza; el jefe de la delegaci\u00f3n naval de la Armada Argentina, suboficial principal de Mar, Oscar P\u00e9rez.<\/p>\n<p><img loading=\"lazy\" decoding=\"async\" class=\"alignnone size-full wp-image-47537\" src=\"https:\/\/vocesparalelas.com.ar\/sitio\/wp-content\/uploads\/2022\/04\/SAN-JUAN-MALVINAS-2.jpg\" alt=\"\" width=\"800\" height=\"533\" srcset=\"https:\/\/vocesparalelas.com.ar\/sitio\/wp-content\/uploads\/2022\/04\/SAN-JUAN-MALVINAS-2.jpg 800w, https:\/\/vocesparalelas.com.ar\/sitio\/wp-content\/uploads\/2022\/04\/SAN-JUAN-MALVINAS-2-300x200.jpg 300w, https:\/\/vocesparalelas.com.ar\/sitio\/wp-content\/uploads\/2022\/04\/SAN-JUAN-MALVINAS-2-768x512.jpg 768w\" sizes=\"auto, (max-width: 800px) 100vw, 800px\" \/><\/p>\n<p>El acto cont\u00f3 con la presencia de Veteranos de Malvinas; integrantes de centros de ex combatientes, familiares y amigos de ca\u00eddos en Malvinas y agrupaciones de motociclistas que se hicieron presentes para participar de la ceremonia.<\/p>\n<p>A continuaci\u00f3n, el vicegobernador junto al ministro Hensel y el jefe del RIM 22 descubrieron una placa recordatoria y luego fueron depositadas ofrendas de laureles en memoria de los ca\u00eddos en nombre del Pueblo y Gobierno de San Juan; la C\u00e1mara de Diputados; la Municipalidad de la ciudad de San Juan; el RIM 22; el Centro de Excombatientes del Atl\u00e1ntico Sur y Familiares de Ca\u00eddos en Malvinas (FACAMA).<\/p>\n<p><img loading=\"lazy\" decoding=\"async\" class=\"alignnone size-full wp-image-47544\" src=\"https:\/\/vocesparalelas.com.ar\/sitio\/wp-content\/uploads\/2022\/04\/SAN-JUAN-MALVINAS-4.jpg\" alt=\"\" width=\"800\" height=\"533\" srcset=\"https:\/\/vocesparalelas.com.ar\/sitio\/wp-content\/uploads\/2022\/04\/SAN-JUAN-MALVINAS-4.jpg 800w, https:\/\/vocesparalelas.com.ar\/sitio\/wp-content\/uploads\/2022\/04\/SAN-JUAN-MALVINAS-4-300x200.jpg 300w, https:\/\/vocesparalelas.com.ar\/sitio\/wp-content\/uploads\/2022\/04\/SAN-JUAN-MALVINAS-4-768x512.jpg 768w\" sizes=\"auto, (max-width: 800px) 100vw, 800px\" \/><\/p>\n<p>Tras la entrega de diplomas y medallas a excombatientes, el capell\u00e1n del RIM 22, presb\u00edtero Adolfo Fabio Cal\u00edvar, pronunci\u00f3 una invocaci\u00f3n religiosa.<\/p>\n<p>Acto seguido, hicieron uso de la palabra el miembro del Centro de Ex Combatientes del Atl\u00e1ntico Sur, Aldo Antes; el ministro de Gobierno, Dr. Alberto Hensel; el jefe del RIM 22, coronel Mart\u00edn Guillermo Mendoza; el intendente municipal de la ciudad de San Juan, Dr. Emilio Baistrocchi y el ministro de Gobierno, Alberto Hensel.<\/p>\n<p>Cerr\u00f3 la lista de oradores el vicegobernador CPN Roberto Gattoni, quien entre otros conceptos expres\u00f3 que \u201cmuy especialmente en este 40\u00ba aniversario \u00a0nos reunimos para homenajear a los h\u00e9roes que combatieron en Malvinas; homenajeamos a los que cayeron y dejaron su vida en la isla, pero tambi\u00e9n homenajeamos a los que combatieron y regresaron al continente. Vaya tambi\u00e9n un reconocimiento a los familiares de los ex combatientes, pilar fundamental en el sost\u00e9n y la contenci\u00f3n de los ex combatientes\u201d.<\/p>\n<p><iframe loading=\"lazy\" title=\"40 A\u00d1OS MALVINAS\" width=\"800\" height=\"450\" src=\"https:\/\/www.youtube.com\/embed\/Q5pPVOFYKD0?feature=oembed\" frameborder=\"0\" allow=\"accelerometer; autoplay; clipboard-write; encrypted-media; gyroscope; picture-in-picture\" allowfullscreen><\/iframe><\/p>\n<p>&nbsp;<\/p>\n<p>Luego, de la entonaci\u00f3n de la marcha a Malvinas, los presentes se trasladaron hasta la calle San Luis, para acompa\u00f1ar el paso de honor de Veteranos de Guerra y familiares de ca\u00eddos.<\/p>\n<p><img loading=\"lazy\" decoding=\"async\" class=\"alignnone size-full wp-image-47545\" src=\"https:\/\/vocesparalelas.com.ar\/sitio\/wp-content\/uploads\/2022\/04\/SAN-JUAN-MALVINAS-5.jpg\" alt=\"\" width=\"800\" height=\"533\" srcset=\"https:\/\/vocesparalelas.com.ar\/sitio\/wp-content\/uploads\/2022\/04\/SAN-JUAN-MALVINAS-5.jpg 800w, https:\/\/vocesparalelas.com.ar\/sitio\/wp-content\/uploads\/2022\/04\/SAN-JUAN-MALVINAS-5-300x200.jpg 300w, https:\/\/vocesparalelas.com.ar\/sitio\/wp-content\/uploads\/2022\/04\/SAN-JUAN-MALVINAS-5-768x512.jpg 768w\" sizes=\"auto, (max-width: 800px) 100vw, 800px\" \/><\/p>\n<\/div>\n<p><iframe loading=\"lazy\" title=\"40 A\u00d1OS MALVINAS\" width=\"800\" height=\"450\" src=\"https:\/\/www.youtube.com\/embed\/kUOUHgDMm-E?feature=oembed\" frameborder=\"0\" allow=\"accelerometer; autoplay; clipboard-write; encrypted-media; gyroscope; picture-in-picture\" allowfullscreen><\/iframe><\/p>\n<p>&nbsp;<\/p>\n","protected":false},"excerpt":{"rendered":"<p>El vicegobernador de la provincia, Roberto Gattoni, encabez\u00f3 en el monumento a los Ca\u00eddos de Malvinas, situado en plaza Espa\u00f1a<\/p>\n","protected":false},"author":3,"featured_media":47543,"comment_status":"closed","ping_status":"closed","sticky":false,"template":"","format":"video","meta":{"_acf_changed":false,"_seopress_robots_primary_cat":"none","_seopress_titles_title":"","_seopress_titles_desc":"","_seopress_robots_index":"","colormag_page_container_layout":"default_layout","colormag_page_sidebar_layout":"default_layout","footnotes":""},"categories":[1,7],"tags":[],"class_list":["post-47534","post","type-post","status-publish","format-video","has-post-thumbnail","hentry","category-destacadas","category-videos","post_format-post-format-video"],"acf":[],"_links":{"self":[{"href":"https:\/\/vocesparalelas.com.ar\/sitio\/wp-json\/wp\/v2\/posts\/47534","targetHints":{"allow":["GET"]}}],"collection":[{"href":"https:\/\/vocesparalelas.com.ar\/sitio\/wp-json\/wp\/v2\/posts"}],"about":[{"href":"https:\/\/vocesparalelas.com.ar\/sitio\/wp-json\/wp\/v2\/types\/post"}],"author":[{"embeddable":true,"href":"https:\/\/vocesparalelas.com.ar\/sitio\/wp-json\/wp\/v2\/users\/3"}],"replies":[{"embeddable":true,"href":"https:\/\/vocesparalelas.com.ar\/sitio\/wp-json\/wp\/v2\/comments?post=47534"}],"version-history":[{"count":1,"href":"https:\/\/vocesparalelas.com.ar\/sitio\/wp-json\/wp\/v2\/posts\/47534\/revisions"}],"predecessor-version":[{"id":47546,"href":"https:\/\/vocesparalelas.com.ar\/sitio\/wp-json\/wp\/v2\/posts\/47534\/revisions\/47546"}],"wp:featuredmedia":[{"embeddable":true,"href":"https:\/\/vocesparalelas.com.ar\/sitio\/wp-json\/wp\/v2\/media\/47543"}],"wp:attachment":[{"href":"https:\/\/vocesparalelas.com.ar\/sitio\/wp-json\/wp\/v2\/media?parent=47534"}],"wp:term":[{"taxonomy":"category","embeddable":true,"href":"https:\/\/vocesparalelas.com.ar\/sitio\/wp-json\/wp\/v2\/categories?post=47534"},{"taxonomy":"post_tag","embeddable":true,"href":"https:\/\/vocesparalelas.com.ar\/sitio\/wp-json\/wp\/v2\/tags?post=47534"}],"curies":[{"name":"wp","href":"https:\/\/api.w.org\/{rel}","templated":true}]}}