{"id":47530,"date":"2022-04-02T13:33:33","date_gmt":"2022-04-02T16:33:33","guid":{"rendered":"https:\/\/vocesparalelas.com.ar\/sitio\/?p=47530"},"modified":"2022-04-02T13:33:33","modified_gmt":"2022-04-02T16:33:33","slug":"acto-central-de-la-unsj-por-el-dia-del-veterano-y-de-los-caidos-en-la-guerra-de-malvinas","status":"publish","type":"post","link":"https:\/\/vocesparalelas.com.ar\/sitio\/acto-central-de-la-unsj-por-el-dia-del-veterano-y-de-los-caidos-en-la-guerra-de-malvinas\/","title":{"rendered":"Acto central de la UNSJ por el D\u00eda del Veterano y de los ca\u00eddos en la Guerra de Malvinas"},"content":{"rendered":"<p>El Viernes, 1 de Abril, se realiz\u00f3 el acto central de la Universidad Nacional de San Juan para conmemorar el D\u00eda del Veterano y de los ca\u00eddos en la Guerra de Malvinas en el Complejo Universitario \u201cIslas Malvinas\u201d.<\/p>\n<p>El evento cont\u00f3 con la presencia del rector de la UNSJ, Mg. Ing. Tadeo Berenguer; la vicerrectora, Dra. Anal\u00eda Ponce; decanos, secretarios, autoridades del Ministerio de Gobierno, el invitado especial el Abogado Pablo Vassel y p\u00fablico en general.<\/p>\n<p>El rector de la UNSJ, Mg. Ing. Tadeo Berenguer resalt\u00f3 que \u00abel valor de los veteranos y ca\u00eddos en Malvinas, en el conflicto del Atl\u00e1ntico Sur, dio a la Rep\u00fablica Argentina 649 h\u00e9roes que deben ser reconocidos por todos. Lamentablemente, un gobierno de facto nos llev\u00f3 a la guerra, pero hubo gente que fue a pelear por lo que realmente era Malvinas, gente que pele\u00f3 con honor, j\u00f3venes soldados dispuestos a cumplir el juramento que hicieron a la bandera\u201d.<\/p>\n<p>\u201cCada a\u00f1o es importante recordar lo que Malvinas es y significa para conformar la memoria colectiva de nuestro pueblo. No debemos esconder Malvinas, sino ponerla sobre la mesa, para que perdure a lo largo de la historia.\u201d<\/p>\n<p>Luego, se realiz\u00f3 el descubrimiento de una placa alusiva en el CUIM 2.<\/p>\n<p>Finalmente, en el Aula Magna de la Facultad de Arquitectura, Urbanismo y Dise\u00f1o de la UNSJ, el abogado Pablo Vassel, experto en causas de lesa humanidad contra conscriptos en Malvinas, brind\u00f3 una conferencia.<\/p>\n","protected":false},"excerpt":{"rendered":"<p>El Viernes, 1 de Abril, se realiz\u00f3 el acto central de la Universidad Nacional de San Juan para conmemorar el<\/p>\n","protected":false},"author":3,"featured_media":47532,"comment_status":"closed","ping_status":"closed","sticky":false,"template":"","format":"standard","meta":{"_acf_changed":false,"_seopress_robots_primary_cat":"none","_seopress_titles_title":"","_seopress_titles_desc":"","_seopress_robots_index":"","colormag_page_container_layout":"default_layout","colormag_page_sidebar_layout":"default_layout","footnotes":""},"categories":[1],"tags":[],"class_list":["post-47530","post","type-post","status-publish","format-standard","has-post-thumbnail","hentry","category-destacadas"],"acf":[],"_links":{"self":[{"href":"https:\/\/vocesparalelas.com.ar\/sitio\/wp-json\/wp\/v2\/posts\/47530","targetHints":{"allow":["GET"]}}],"collection":[{"href":"https:\/\/vocesparalelas.com.ar\/sitio\/wp-json\/wp\/v2\/posts"}],"about":[{"href":"https:\/\/vocesparalelas.com.ar\/sitio\/wp-json\/wp\/v2\/types\/post"}],"author":[{"embeddable":true,"href":"https:\/\/vocesparalelas.com.ar\/sitio\/wp-json\/wp\/v2\/users\/3"}],"replies":[{"embeddable":true,"href":"https:\/\/vocesparalelas.com.ar\/sitio\/wp-json\/wp\/v2\/comments?post=47530"}],"version-history":[{"count":1,"href":"https:\/\/vocesparalelas.com.ar\/sitio\/wp-json\/wp\/v2\/posts\/47530\/revisions"}],"predecessor-version":[{"id":47533,"href":"https:\/\/vocesparalelas.com.ar\/sitio\/wp-json\/wp\/v2\/posts\/47530\/revisions\/47533"}],"wp:featuredmedia":[{"embeddable":true,"href":"https:\/\/vocesparalelas.com.ar\/sitio\/wp-json\/wp\/v2\/media\/47532"}],"wp:attachment":[{"href":"https:\/\/vocesparalelas.com.ar\/sitio\/wp-json\/wp\/v2\/media?parent=47530"}],"wp:term":[{"taxonomy":"category","embeddable":true,"href":"https:\/\/vocesparalelas.com.ar\/sitio\/wp-json\/wp\/v2\/categories?post=47530"},{"taxonomy":"post_tag","embeddable":true,"href":"https:\/\/vocesparalelas.com.ar\/sitio\/wp-json\/wp\/v2\/tags?post=47530"}],"curies":[{"name":"wp","href":"https:\/\/api.w.org\/{rel}","templated":true}]}}