{"id":47505,"date":"2022-04-01T22:32:17","date_gmt":"2022-04-02T01:32:17","guid":{"rendered":"https:\/\/vocesparalelas.com.ar\/sitio\/?p=47505"},"modified":"2022-04-01T23:57:14","modified_gmt":"2022-04-02T02:57:14","slug":"el-gobernador-dr-sergio-unac-anuncio-mas-obras-e-inversiones-para-san-juan","status":"publish","type":"post","link":"https:\/\/vocesparalelas.com.ar\/sitio\/el-gobernador-dr-sergio-unac-anuncio-mas-obras-e-inversiones-para-san-juan\/","title":{"rendered":"El Gobernador Dr. Sergio U\u00f1ac anunci\u00f3 mas obras e inversiones para San Juan"},"content":{"rendered":"<p>El gobernador de San Juan, Dr. Sergio U\u00f1ac, dej\u00f3 inaugurado el Jueves, 1 de Abril el Periodo 2022 de Sesiones Ordinarias en la C\u00e1mara de Diputados con su mensaje anual.<\/p>\n<p>En su mensaje central, el mandatario realiz\u00f3 importantes anuncios en materias de obras e inversiones y destac\u00f3 la unidad, resiliencia y compromiso de la comunidad sanjuanina para superar las diferentes circunstancias que se presentan, poniendo el inter\u00e9s general por encima de todo. Adem\u00e1s, puso en valor la diversificaci\u00f3n de la matriz productiva, las distintas obras de infraestructura realizadas en materia de salud, seguridad, deportiva y transporte, entre otras.<\/p>\n<p><iframe loading=\"lazy\" title=\"U\u00f1ac anunci\u00f3 obras claves y pidi\u00f3 priorizar el inter\u00e9s colectivo en la apertura de sesiones\" width=\"800\" height=\"450\" src=\"https:\/\/www.youtube.com\/embed\/qa-mMyYlm8E?feature=oembed\" frameborder=\"0\" allow=\"accelerometer; autoplay; clipboard-write; encrypted-media; gyroscope; picture-in-picture\" allowfullscreen><\/iframe><\/p>\n<p>Pasadas las 9:30, el gobernador comenz\u00f3 su discurso ante autoridades de los tres poderes del Estado, intendentes municipales, c\u00f3nsules de Espa\u00f1a, Italia y Chile, representantes de la CGT y 62 organizaciones, rectores de la Universidad Nacional de San Juan y la Universidad Cat\u00f3lica de Cuyo, senadores y diputados nacionales, entre otras, que fue transmitido en directo a toda la provincia a trav\u00e9s de la televisi\u00f3n y v\u00eda streaming.<\/p>\n<p><img loading=\"lazy\" decoding=\"async\" class=\"alignnone size-full wp-image-47507\" src=\"https:\/\/vocesparalelas.com.ar\/sitio\/wp-content\/uploads\/2022\/04\/UNAC-DISCURSO-01.jpg\" alt=\"\" width=\"800\" height=\"533\" srcset=\"https:\/\/vocesparalelas.com.ar\/sitio\/wp-content\/uploads\/2022\/04\/UNAC-DISCURSO-01.jpg 800w, https:\/\/vocesparalelas.com.ar\/sitio\/wp-content\/uploads\/2022\/04\/UNAC-DISCURSO-01-300x200.jpg 300w, https:\/\/vocesparalelas.com.ar\/sitio\/wp-content\/uploads\/2022\/04\/UNAC-DISCURSO-01-768x512.jpg 768w\" sizes=\"auto, (max-width: 800px) 100vw, 800px\" \/><\/p>\n<p><iframe loading=\"lazy\" title=\"DR SERGIO U\u00d1AC\" width=\"800\" height=\"450\" src=\"https:\/\/www.youtube.com\/embed\/0zp_lpZkEHg?feature=oembed\" frameborder=\"0\" allow=\"accelerometer; autoplay; clipboard-write; encrypted-media; gyroscope; picture-in-picture\" allowfullscreen><\/iframe><\/p>\n<p>&nbsp;<\/p>\n<p><img loading=\"lazy\" decoding=\"async\" class=\"alignnone size-large wp-image-47508\" src=\"https:\/\/vocesparalelas.com.ar\/sitio\/wp-content\/uploads\/2022\/04\/UNAC-DISCURSO-02.jpg\" alt=\"\" width=\"800\" height=\"533\" srcset=\"https:\/\/vocesparalelas.com.ar\/sitio\/wp-content\/uploads\/2022\/04\/UNAC-DISCURSO-02.jpg 800w, https:\/\/vocesparalelas.com.ar\/sitio\/wp-content\/uploads\/2022\/04\/UNAC-DISCURSO-02-300x200.jpg 300w, https:\/\/vocesparalelas.com.ar\/sitio\/wp-content\/uploads\/2022\/04\/UNAC-DISCURSO-02-768x512.jpg 768w\" sizes=\"auto, (max-width: 800px) 100vw, 800px\" \/><\/p>\n<p>En el inicio, U\u00f1ac se refiri\u00f3 a los 200 a\u00f1os de la Legislatura provincial y puso en valor la historia e hitos que \u201chicieron grande a nuestra provincia\u201d. Seguidamente, destac\u00f3 el trabajo realizado durante la pandemia y asegur\u00f3 que \u201cadvertimos que uno se complementa con el otro, y que solo entre todos podemos generar y sostener un proyecto com\u00fan\u201d.<\/p>\n<p>Tras lamentar la p\u00e9rdida de vidas a causa del coronavirus, U\u00f1ac reconoci\u00f3 el trabajo de todas las \u00e1reas del gobierno y las intendencias porque \u201cle pusieron el cuerpo y alma en jornadas que parec\u00edan no terminar\u201d.<\/p>\n<p>Luego, destac\u00f3 la labor de los legisladores sanjuaninos que nos representan a nivel nacional por el acuerdo que logr\u00f3 la Argentina con el FMI. \u201cQue se haya debatido en el seno natural de la discusi\u00f3n pol\u00edtica internacional es una muy buena se\u00f1al para el pa\u00eds. Todos queremos que sea el principio de la senda que conduzca a la Argentina hacia un destino de crecimiento y desarrollo\u201d, afirm\u00f3 el gobernador.<\/p>\n<p>Inmerso en el detalle del trabajo desarrollado por cada \u00e1rea durante el 2021, destac\u00f3 el equilibrio fiscal como premisa de las pol\u00edticas p\u00fablicas y la generaci\u00f3n de condiciones para el desarrollo y crecimiento de la actividad econ\u00f3mica local.<\/p>\n<p>\u201cLas energ\u00edas renovables, el turismo y el cannabis medicinal, sumados a una estabilidad macroecon\u00f3mica permitir\u00e1n a San Juan acelerar el ritmo de crecimiento y concretar inversiones de la magnitud de Josemar\u00eda y El Pach\u00f3n, entre otras\u201d, agreg\u00f3 el gobernador.<\/p>\n<p>En la provincia, desde 2017 los salarios se actualizaron de acuerdo al \u00edndice de precios del consumidor. En ese sentido, destac\u00f3 que \u00aben 2021 se logr\u00f3 un importante acuerdo salarial consistente en un incremento del 69% con los sindicatos que representan a los distintos sectores de la administraci\u00f3n p\u00fablica y para el 2022 se acord\u00f3 un 45% de aumento\u00bb.<\/p>\n<p>En este marco, detall\u00f3 que en el Presupuesto de la Provincia el 31% est\u00e1 destinado a la obra p\u00fablica y destac\u00f3 la modernizaci\u00f3n del Estado con Ciudadano Digital como bandera para poder brindar servicios de calidad y promover el desarrollo econ\u00f3mico.<\/p>\n<p>En el apartado de la miner\u00eda, el gobernador defini\u00f3 a la actividad como uno de los pilares fundamentales de la econom\u00eda sanjuanina, ya que ofrece condiciones geogr\u00e1ficas, seguridad jur\u00eddica, respeto al ambiente y licencia social.<\/p>\n<p>Cabe destacar que San Juan concentra el 50% del potencial minero conocido en el pa\u00eds y que \u00abdurante el lapso 2020\/2021 el 42% de las inversiones totales de exploraci\u00f3n en Argentina fueron en San Juan\u00bb.<\/p>\n<p>Tambi\u00e9n, se refiri\u00f3 a los proyectos Josemar\u00eda y El Pach\u00f3n y a la magnitud de la inversi\u00f3n en la provincia, \u201cJosemar\u00eda con 4.000 millones de d\u00f3lares\u201d, mientras que \u00abEl Pach\u00f3n estima una inversi\u00f3n que rondar\u00e1 los 6.000 millones de d\u00f3lares y la generaci\u00f3n de casi 8.000 puestos de trabajo para la construcci\u00f3n de la mina\u00bb.<\/p>\n<p>En cuesti\u00f3n de inversiones nacionales e internacionales, tambi\u00e9n puso de relieve la instalaci\u00f3n de parques de energ\u00edas sustentables para cubrir las demandas energ\u00e9ticas de estos emprendimientos mineros.<\/p>\n<p>Luego habl\u00f3 sobre las estrategias en inversiones con las que el Gobierno fortaleci\u00f3 las distintas cadenas productivas. Por un lado, con la inversi\u00f3n de $4.000 millones de asistencia al sector agropecuario y agroindustrial, tambi\u00e9n en mejora gen\u00e9tica, optimizaci\u00f3n de la gesti\u00f3n de recursos h\u00eddricos, tecnificaci\u00f3n del agro, reactivaci\u00f3n del turismo, entre otros, con apoyo del BID y del CFI.<\/p>\n<p>Seguidamente se refiri\u00f3 a la puesta en marcha del Programa San Juan III y la ejecuci\u00f3n del Programa de Incentivos Fiscales para la Inversi\u00f3n y el Empleo. \u00abCon el programa Proteger Empleo San Juan pudimos desacelerar la ca\u00edda de la econom\u00eda en pandemia logrando sostener los niveles de ocupaci\u00f3n y beneficiando a casi 5.000 trabajadores\u00bb, afirm\u00f3 U\u00f1ac.<\/p>\n<p>En el \u00faltimo a\u00f1o, el trabajo mancomunado entre el sector p\u00fablico y privado logr\u00f3 diversificar la oferta tur\u00edstica con productos competitivos de turismo de eventos deportivos, de naturaleza y de cultura. En ese sentido, U\u00f1ac explic\u00f3 que \u00aben 2021 el impacto econ\u00f3mico del turismo fue de $9.261 millones de pesos, siendo la temporada de verano r\u00e9cord hist\u00f3rico en ocupaci\u00f3n con un ingreso de $3.644 millones de pesos\u00bb.<\/p>\n<p>Llegado el turno de referirse a la infraestructura, el gobernador afirm\u00f3 que \u00abfue uno de los motores principales de crecimiento y generadora de nuevos puestos de trabajo\u00bb. La obra p\u00fablica es un gran multiplicador de la actividad econ\u00f3mica y potenciadora de los niveles de empleo.<\/p>\n<p>Al respecto dijo que San Juan es una de las provincias del pa\u00eds que mayor cantidad de viviendas construye en relaci\u00f3n con su poblaci\u00f3n. Tal es as\u00ed que en 2021 se entregaron 2051 viviendas y hay, actualmente, m\u00e1s de 3.800 viviendas en ejecuci\u00f3n en toda la provincia.<\/p>\n<p>Tambi\u00e9n habl\u00f3 sobre energ\u00edas limpias y explic\u00f3 que, el posicionamiento de San Juan como l\u00edder del sector desde hace m\u00e1s de una d\u00e9cada, se debe a que \u00abla Provincia tiene 16 plantas solares en operaci\u00f3n, con un total de 320 MW de potencia instalada que proveen el 30,46 % de la demanda de energ\u00eda de la Provincia y un 31,9 % de la generaci\u00f3n solar total del pa\u00eds\u00bb.<\/p>\n<p>En materia de pol\u00edticas viales y pavimentaci\u00f3n destac\u00f3 el trabajo desarrollado en autov\u00eda de la Ruta Nacional N\u00b040 sector Norte, con una inversi\u00f3n total nacional de m\u00e1s de $ 7.000 millones de pesos.<\/p>\n<p>Adem\u00e1s, hizo un repaso por los beneficios obtenidos con la ampliaci\u00f3n del servicio de gas natural en los departamentos de Pocito, San Mart\u00edn y en 25 de Mayo, con una inversi\u00f3n de m\u00e1s de $90 millones.<\/p>\n<p>En cuanto a obras cloacales confirm\u00f3 que, \u00abhoy 7 de cada 10 hogares tienen cloacas\u00bb, y afirm\u00f3 que solo en el 2021 se invirti\u00f3 cerca de $2.400 millones en obras cloacales alcanzando el 73% de cobertura.<\/p>\n<p>En materia sanitaria brind\u00f3 estad\u00edsticas sobre la vacunaci\u00f3n de COVID, \u00abSan Juan alcanz\u00f3 una cobertura del 88% con esquema completo en la poblaci\u00f3n mayor de 3 a\u00f1os, lo que permiti\u00f3 controlar la tercera ola y disminuir la mortalidad por COVID de manera significativa\u00bb.<\/p>\n<p>Respecto a las pol\u00edticas de deporte , denominado Revoluci\u00f3n Deportiva destac\u00f3 el resultado de la encuesta realizada por INDEC y la OMS que indicaba que San Juan es la provincia con el \u00edndice de actividad f\u00edsica m\u00e1s alto del pa\u00eds.<\/p>\n<p>Adem\u00e1s, enumer\u00f3 las diversas infraestructuras deportivas desarrolladas durante el 2021, \u00abcumplimos con la palabra empe\u00f1ada de techar todos los clubes de hockey de San Juan, finalizando con el Club Sarmiento de Albard\u00f3n y fuimos por m\u00e1s con Urquiza, Lanteri y el nuevo estadio de UPCN\u00bb, asegur\u00f3.<\/p>\n<p>Por otra parte, hizo una importante menci\u00f3n al destacar la labor asistencial del Ministerio de Desarrollo Humano y destac\u00f3 \u00abHilar San Juan\u00bb para apoyar a los emprendedores locales.<\/p>\n<p>Siguiendo con su alocuci\u00f3n, destac\u00f3 el cambio de paradigma del sistema procesal penal de San Juan, que culmin\u00f3 con la puesta en marcha del Sistema Acusatorio Penal Adversarial; y el trabajo mancomunado entre los tres poderes del Estado.<\/p>\n<p>En materia de seguridad, dijo que \u00abel Gobierno de la Provincia tiene un objetivo prioritario: el cuidado integral de los sanjuaninos y sus bienes\u00bb. Por esa raz\u00f3n anunci\u00f3 la instalaci\u00f3n de ejes estrat\u00e9gicos en seguridad y destac\u00f3 la consolidaci\u00f3n del CISEM 911 como elemento central de la pol\u00edtica de prevenci\u00f3n e investigaci\u00f3n.<\/p>\n<p>\u00abDurante 2021 se sumaron 200 nuevas c\u00e1maras a la red de monitoreo del CISEM para alcanzar un total de 550 e incorporamos 150 nuevas movilidades para la Polic\u00eda de San Juan entre autos y motos patrulleros, camiones de bomberos y torres de monitoreo urbano, que suman una inversi\u00f3n de m\u00e1s de 400 millones de pesos\u00bb, afirm\u00f3 el gobernador.<\/p>\n<p>Seguidamente se refiri\u00f3 a la situaci\u00f3n de emergencia h\u00eddrica y sostuvo que \u00abnuestra provincia es un ejemplo de transformaci\u00f3n\u201d y que se ha trabajado arduamente para \u201cmitigar los efectos de la sequ\u00eda que atravesamos, siempre destacando la predisposici\u00f3n y el esfuerzo de todos los sectores que, en torno a la Mesa del Agua, analizan y consens\u00faan medidas para superar este dif\u00edcil periodo\u00bb.<\/p>\n<p>En esa l\u00ednea, asegur\u00f3 que se destinaron m\u00e1s de 300 millones de pesos en la activaci\u00f3n de las bater\u00edas de pozos del Estado para reforzar la disponibilidad de agua en los canales de riego y que \u00aba trav\u00e9s de la Fiduciaria San Juan pusimos a disposici\u00f3n 600 millones de pesos en cr\u00e9ditos accesibles destinados a la tecnificaci\u00f3n del riego\u201d. Adem\u00e1s, destac\u00f3 que \u201ccon los municipios se han invertido $570 millones en la impermeabilizaci\u00f3n de canales y optimizaci\u00f3n de la red de agua potable\u00bb.<\/p>\n<p>En el tramo final de su discurso anunci\u00f3 distintas acciones e inversiones para cumplir con diversos objetivos. Entre los m\u00e1s destacados, mencion\u00f3 la finalizaci\u00f3n de los 470 km de fibra \u00f3ptica en Calingasta, J\u00e1chal, Iglesia y Valle F\u00e9rtil y asegur\u00f3 que \u201cAl finalizar este proceso el 70% de los hogares de la provincia tendr\u00e1n conectividad\u201d.<\/p>\n<p>Adem\u00e1s, asegur\u00f3 que pondr\u00e1n a disposici\u00f3n del sector productivo m\u00e1s de $15 mil millones para el desarrollo econ\u00f3mico.<\/p>\n<p>Anunci\u00f3 tambi\u00e9n la inauguraci\u00f3n del Museo Interactivo de Ciencias Naturales que complementar\u00e1 al Parque Ischigualasto y adelant\u00f3 que se desarrollar\u00e1n acciones en todo San Juan por los 50 a\u00f1os de la Fiesta del So\u201d.<\/p>\n<p>En cuanto a obras, afirm\u00f3 que el IPV financiar\u00e1 lotes y pondr\u00e1 a disposici\u00f3n cr\u00e9ditos para la construcci\u00f3n de viviendas para la clase media, adem\u00e1s \u201cmediante el Procrear iniciaremos 3.000 nuevas viviendas que se sumar\u00e1n a las 4.000 en ejecuci\u00f3n\u201d.<\/p>\n<p>Destac\u00f3 el T\u00fanel de Zonda, que adem\u00e1s de sus beneficios viales servir\u00e1 para contener a parte del Acueducto Gran Tulum, que abastecer\u00e1 de agua a 1 mill\u00f3n de habitantes.<\/p>\n<p>El gobernador dijo tambi\u00e9n que en mayo comenzar\u00e1 la remodelaci\u00f3n del Aeropuerto Internacional Domingo Faustino Sarmiento y que se articular\u00e1n \u00abesfuerzos hacia la ejecuci\u00f3n del Centro de Investigaci\u00f3n, Desarrollo e Innovaci\u00f3n para la gesti\u00f3n integral del Agua en el \u00c1rido\u201d.<\/p>\n<p>Respecto a Educaci\u00f3n dijo que con m\u00e1s y nueva infraestructura escolar se beneficiar\u00e1n a casi 9 mil alumnos y que se estregar\u00e1n \u00ab19 mil notebooks a estudiantes de secundaria y 6.000 tablets para estudiantes de 1\u00b0 grado\u201d.<\/p>\n<p>En materia salud dijo que los ejes de trabajo continuar\u00e1n siendo universalidad, cercan\u00eda y calidad en el servicio que prestan. Adem\u00e1s, confirm\u00f3 que \u201cinauguraremos la segunda etapa del Hospital Julieta Lanteri con una inversi\u00f3n de 250 millones de pesos, tambi\u00e9n el CEMEC, que permitir\u00e1 detectar de manera temprana enfermedades oncol\u00f3gicas e iniciaremos la construcci\u00f3n de nuevos hospitales en 7 departamentos\u201d.<\/p>\n<p>\u201cLa tecnolog\u00eda, el entrenamiento de nuestra fuerza y una justicia \u00e1gil seguir\u00e1n siendo estrategias de seguridad p\u00fablica\u201d asegur\u00f3 U\u00f1ac y confirm\u00f3 la instalaci\u00f3n de \u201c300 nuevas c\u00e1maras de videovigilancia para conformar anillos de seguridad\u201d<\/p>\n<p>En ese sentido, record\u00f3 que la planta de seguridad fue duplicada en los \u00faltimos 5 a\u00f1os y que la semana pasada se inaugur\u00f3 un sistema de videollamada de emergencia que permite vincularse en tiempo real con el 911.<\/p>\n<p>Finalmente habl\u00f3 sobre la modificaci\u00f3n del sistema electoral con el fin de simplificarlo e hizo un especial pedido al cuerpo legislativo, les solicit\u00f3 que se trate una ley que reemplace el mecanismo derogado. \u201cLos invito a debatir proyectos destinados a impedir que quienes sean condenados por delitos accedan a ocupar funciones p\u00fablicas\u201d, agreg\u00f3.<\/p>\n<p>Sostuvo que en San Juan se avanz\u00f3 mucho, pero que a\u00fan resta trabajo por realizar, \u201cun Estado ordenado, un gobierno atento a la ciudadan\u00eda y una sociedad solidaria garantiza la satisfacci\u00f3n de las demandas\u201d, afirm\u00f3.<\/p>\n<p>Como cierre, le dedic\u00f3 sentidas palabras a la poblaci\u00f3n y le pidi\u00f3 a los sanjuaninos continuar trabajando de manera conjunta porque \u201cel bienestar es un concepto colectivo. Nadie se realiza en una sociedad que no se realiza\u201d.<\/p>\n<p><span style=\"color: #800080;\"><strong>Discurso completo del gobernador de San Juan, Dr. Sergio U\u00f1ac<\/strong><\/span><\/p>\n<p><a href=\"https:\/\/vocesparalelas.com.ar\/sitio\/wp-content\/uploads\/2022\/04\/Discurso-Anual-Gobernador-SU-2022-1A-General-DIGITAL.pdf\">Discurso Anual Gobernador SU 2022 &#8211; 1A General DIGITAL<\/a><\/p>\n<p><a href=\"https:\/\/vocesparalelas.com.ar\/sitio\/wp-content\/uploads\/2022\/04\/Anexo-Discurso-Anual-Gobernador-SU-2022-GENERAL-BAJA.pdf\">Anexo Discurso Anual Gobernador SU 2022 &#8211; GENERAL &#8211; BAJA<\/a><\/p>\n","protected":false},"excerpt":{"rendered":"<p>El gobernador de San Juan, Dr. Sergio U\u00f1ac, dej\u00f3 inaugurado el Jueves, 1 de Abril el Periodo 2022 de Sesiones<\/p>\n","protected":false},"author":3,"featured_media":47529,"comment_status":"closed","ping_status":"closed","sticky":false,"template":"","format":"video","meta":{"_acf_changed":false,"_seopress_robots_primary_cat":"none","_seopress_titles_title":"","_seopress_titles_desc":"","_seopress_robots_index":"","colormag_page_container_layout":"default_layout","colormag_page_sidebar_layout":"default_layout","footnotes":""},"categories":[1,7],"tags":[],"class_list":["post-47505","post","type-post","status-publish","format-video","has-post-thumbnail","hentry","category-destacadas","category-videos","post_format-post-format-video"],"acf":[],"_links":{"self":[{"href":"https:\/\/vocesparalelas.com.ar\/sitio\/wp-json\/wp\/v2\/posts\/47505","targetHints":{"allow":["GET"]}}],"collection":[{"href":"https:\/\/vocesparalelas.com.ar\/sitio\/wp-json\/wp\/v2\/posts"}],"about":[{"href":"https:\/\/vocesparalelas.com.ar\/sitio\/wp-json\/wp\/v2\/types\/post"}],"author":[{"embeddable":true,"href":"https:\/\/vocesparalelas.com.ar\/sitio\/wp-json\/wp\/v2\/users\/3"}],"replies":[{"embeddable":true,"href":"https:\/\/vocesparalelas.com.ar\/sitio\/wp-json\/wp\/v2\/comments?post=47505"}],"version-history":[{"count":2,"href":"https:\/\/vocesparalelas.com.ar\/sitio\/wp-json\/wp\/v2\/posts\/47505\/revisions"}],"predecessor-version":[{"id":47515,"href":"https:\/\/vocesparalelas.com.ar\/sitio\/wp-json\/wp\/v2\/posts\/47505\/revisions\/47515"}],"wp:featuredmedia":[{"embeddable":true,"href":"https:\/\/vocesparalelas.com.ar\/sitio\/wp-json\/wp\/v2\/media\/47529"}],"wp:attachment":[{"href":"https:\/\/vocesparalelas.com.ar\/sitio\/wp-json\/wp\/v2\/media?parent=47505"}],"wp:term":[{"taxonomy":"category","embeddable":true,"href":"https:\/\/vocesparalelas.com.ar\/sitio\/wp-json\/wp\/v2\/categories?post=47505"},{"taxonomy":"post_tag","embeddable":true,"href":"https:\/\/vocesparalelas.com.ar\/sitio\/wp-json\/wp\/v2\/tags?post=47505"}],"curies":[{"name":"wp","href":"https:\/\/api.w.org\/{rel}","templated":true}]}}