{"id":47319,"date":"2022-03-25T23:19:28","date_gmt":"2022-03-26T02:19:28","guid":{"rendered":"https:\/\/vocesparalelas.com.ar\/sitio\/?p=47319"},"modified":"2022-03-30T01:02:28","modified_gmt":"2022-03-30T04:02:28","slug":"inscripcion-para-interinatos-y-suplencias-del-gabinetes-tecnicos-interdisciplinarios-de-san-juan","status":"publish","type":"post","link":"https:\/\/vocesparalelas.com.ar\/sitio\/inscripcion-para-interinatos-y-suplencias-del-gabinetes-tecnicos-interdisciplinarios-de-san-juan\/","title":{"rendered":"Inscripci\u00f3n para Interinatos y Suplencias del Gabinetes T\u00e9cnicos Interdisciplinarios de San Juan"},"content":{"rendered":"<p>La Junta de Gabinetes T\u00e9cnicos Interdisciplinarios del Ministerio de Educaci\u00f3n del Gobierno de San Juan convoca a profesionales a inscripci\u00f3n para Interinatos y Suplencias de acuerdo a la Resoluci\u00f3n N\u00b0 1343.-ME-2022.<\/p>\n<p>Los interesados deben solicitar un turno online en la p\u00e1gina del Ministerio de Educaci\u00f3n<\/p>\n<p style=\"text-align: center;\"><a href=\"http:\/\/http\/\/educaci\u00f3n.sanjuan.gob.ar\">http:\/\/http\/\/educaci\u00f3n.sanjuan.gob.ar<\/a><\/p>\n<p>en la plataforma de la Junta de C. y C. de Gabinetes T\u00e9cnicos Interdisciplinarios de Educaci\u00f3n que queda habilitada a partir del 01 al 6 de Abril del 2022 inclusive.<\/p>\n<p>La inscripci\u00f3n se realiza del 12 al 18 de abril, en horario de 8 a 12. Cada aspirante debe acudir de acuerdo al turno asignado online a la sede de la Junta de Calificaci\u00f3n y Clasificaci\u00f3n de Gabinetes T\u00e9cnicos Interdisciplinarios de Educaci\u00f3n, situada en calle Hip\u00f3lito Irigoyen 1515 este, esquina Avenida Circunvalaci\u00f3n.<\/p>\n<p>El aspirante debe acudir con su carpeta ordenada y organizada seg\u00fan el valorador vigente Resoluci\u00f3n N\u00b0 11213-ME-16. En el momento de la inscripci\u00f3n se realizar la valoraci\u00f3n de carpetas.<\/p>\n<p>La solicitud de inscripci\u00f3n, Declaraci\u00f3n Jurada de Residencia, Declaraci\u00f3n Jurada de Cargos se encuentran disponibles en la p\u00e1gina del Ministerio de Educaci\u00f3n, deben descargar imprimir y completar para presentar en la inscripci\u00f3n.<\/p>\n<p>Se recuerda a los postulantes que deben acudir respetando protocolos preventivos con barbijo y llevar su lapiceras, goma.<\/p>\n<p>Para mayor informaci\u00f3n comunicarse de 8 a 13, al 4302345.<\/p>\n<p>&nbsp;<\/p>\n<p><img loading=\"lazy\" decoding=\"async\" class=\"alignnone size-full wp-image-28629\" src=\"https:\/\/vocesparalelas.com.ar\/sitio\/wp-content\/uploads\/2020\/05\/MINISTERIO-EDUCACION-SJ.jpg\" alt=\"\" width=\"800\" height=\"533\" srcset=\"https:\/\/vocesparalelas.com.ar\/sitio\/wp-content\/uploads\/2020\/05\/MINISTERIO-EDUCACION-SJ.jpg 800w, https:\/\/vocesparalelas.com.ar\/sitio\/wp-content\/uploads\/2020\/05\/MINISTERIO-EDUCACION-SJ-300x200.jpg 300w, https:\/\/vocesparalelas.com.ar\/sitio\/wp-content\/uploads\/2020\/05\/MINISTERIO-EDUCACION-SJ-768x512.jpg 768w\" sizes=\"auto, (max-width: 800px) 100vw, 800px\" \/><\/p>\n","protected":false},"excerpt":{"rendered":"<p>La Junta de Gabinetes T\u00e9cnicos Interdisciplinarios del Ministerio de Educaci\u00f3n del Gobierno de San Juan convoca a profesionales a inscripci\u00f3n<\/p>\n","protected":false},"author":3,"featured_media":40018,"comment_status":"closed","ping_status":"closed","sticky":false,"template":"","format":"standard","meta":{"_acf_changed":false,"_seopress_robots_primary_cat":"none","_seopress_titles_title":"","_seopress_titles_desc":"","_seopress_robots_index":"","colormag_page_container_layout":"default_layout","colormag_page_sidebar_layout":"default_layout","footnotes":""},"categories":[5],"tags":[],"class_list":["post-47319","post","type-post","status-publish","format-standard","has-post-thumbnail","hentry","category-ofrecimientos"],"acf":[],"_links":{"self":[{"href":"https:\/\/vocesparalelas.com.ar\/sitio\/wp-json\/wp\/v2\/posts\/47319","targetHints":{"allow":["GET"]}}],"collection":[{"href":"https:\/\/vocesparalelas.com.ar\/sitio\/wp-json\/wp\/v2\/posts"}],"about":[{"href":"https:\/\/vocesparalelas.com.ar\/sitio\/wp-json\/wp\/v2\/types\/post"}],"author":[{"embeddable":true,"href":"https:\/\/vocesparalelas.com.ar\/sitio\/wp-json\/wp\/v2\/users\/3"}],"replies":[{"embeddable":true,"href":"https:\/\/vocesparalelas.com.ar\/sitio\/wp-json\/wp\/v2\/comments?post=47319"}],"version-history":[{"count":1,"href":"https:\/\/vocesparalelas.com.ar\/sitio\/wp-json\/wp\/v2\/posts\/47319\/revisions"}],"predecessor-version":[{"id":47321,"href":"https:\/\/vocesparalelas.com.ar\/sitio\/wp-json\/wp\/v2\/posts\/47319\/revisions\/47321"}],"wp:featuredmedia":[{"embeddable":true,"href":"https:\/\/vocesparalelas.com.ar\/sitio\/wp-json\/wp\/v2\/media\/40018"}],"wp:attachment":[{"href":"https:\/\/vocesparalelas.com.ar\/sitio\/wp-json\/wp\/v2\/media?parent=47319"}],"wp:term":[{"taxonomy":"category","embeddable":true,"href":"https:\/\/vocesparalelas.com.ar\/sitio\/wp-json\/wp\/v2\/categories?post=47319"},{"taxonomy":"post_tag","embeddable":true,"href":"https:\/\/vocesparalelas.com.ar\/sitio\/wp-json\/wp\/v2\/tags?post=47319"}],"curies":[{"name":"wp","href":"https:\/\/api.w.org\/{rel}","templated":true}]}}