{"id":47296,"date":"2022-03-24T00:37:37","date_gmt":"2022-03-24T03:37:37","guid":{"rendered":"https:\/\/vocesparalelas.com.ar\/sitio\/?p=47296"},"modified":"2022-03-24T00:37:37","modified_gmt":"2022-03-24T03:37:37","slug":"el-viento-en-san-juan-se-inicio-con-una-velocidad-de-45-50-km-de-promedio-con-rafagas-de-65-80-km","status":"publish","type":"post","link":"https:\/\/vocesparalelas.com.ar\/sitio\/el-viento-en-san-juan-se-inicio-con-una-velocidad-de-45-50-km-de-promedio-con-rafagas-de-65-80-km\/","title":{"rendered":"El viento en San Juan se inici\u00f3 con una velocidad de 45\/50 km de promedio con r\u00e1fagas de 65\/80 km"},"content":{"rendered":"<p>La Direcci\u00f3n de Protecci\u00f3n Civil de la Secretar\u00eda de Seguridad y Orden P\u00fablico del Gobierno de San Juan informa que\u00a0 el viento se inici\u00f3 con una velocidad de 45\/50 km de promedio con r\u00e1fagas de 65\/80 km .<\/p>\n<p><img loading=\"lazy\" decoding=\"async\" class=\"alignnone size-large wp-image-47301\" src=\"https:\/\/vocesparalelas.com.ar\/sitio\/wp-content\/uploads\/2022\/03\/VENTARRON-4-800x428.jpg\" alt=\"\" width=\"800\" height=\"428\" srcset=\"https:\/\/vocesparalelas.com.ar\/sitio\/wp-content\/uploads\/2022\/03\/VENTARRON-4-800x428.jpg 800w, https:\/\/vocesparalelas.com.ar\/sitio\/wp-content\/uploads\/2022\/03\/VENTARRON-4-300x161.jpg 300w, https:\/\/vocesparalelas.com.ar\/sitio\/wp-content\/uploads\/2022\/03\/VENTARRON-4-768x411.jpg 768w, https:\/\/vocesparalelas.com.ar\/sitio\/wp-content\/uploads\/2022\/03\/VENTARRON-4.jpg 1024w\" sizes=\"auto, (max-width: 800px) 100vw, 800px\" \/><\/p>\n<p><img loading=\"lazy\" decoding=\"async\" class=\"alignnone size-large wp-image-47300\" src=\"https:\/\/vocesparalelas.com.ar\/sitio\/wp-content\/uploads\/2022\/03\/VENTARRON-3-800x538.jpg\" alt=\"\" width=\"800\" height=\"538\" srcset=\"https:\/\/vocesparalelas.com.ar\/sitio\/wp-content\/uploads\/2022\/03\/VENTARRON-3-800x538.jpg 800w, https:\/\/vocesparalelas.com.ar\/sitio\/wp-content\/uploads\/2022\/03\/VENTARRON-3-300x202.jpg 300w, https:\/\/vocesparalelas.com.ar\/sitio\/wp-content\/uploads\/2022\/03\/VENTARRON-3-768x517.jpg 768w, https:\/\/vocesparalelas.com.ar\/sitio\/wp-content\/uploads\/2022\/03\/VENTARRON-3.jpg 1024w\" sizes=\"auto, (max-width: 800px) 100vw, 800px\" \/><\/p>\n<p><img loading=\"lazy\" decoding=\"async\" class=\"alignnone size-large wp-image-47298\" src=\"https:\/\/vocesparalelas.com.ar\/sitio\/wp-content\/uploads\/2022\/03\/VENTARRON-1-800x581.jpg\" alt=\"\" width=\"800\" height=\"581\" srcset=\"https:\/\/vocesparalelas.com.ar\/sitio\/wp-content\/uploads\/2022\/03\/VENTARRON-1-800x581.jpg 800w, https:\/\/vocesparalelas.com.ar\/sitio\/wp-content\/uploads\/2022\/03\/VENTARRON-1-300x218.jpg 300w, https:\/\/vocesparalelas.com.ar\/sitio\/wp-content\/uploads\/2022\/03\/VENTARRON-1-768x558.jpg 768w, https:\/\/vocesparalelas.com.ar\/sitio\/wp-content\/uploads\/2022\/03\/VENTARRON-1.jpg 1024w\" sizes=\"auto, (max-width: 800px) 100vw, 800px\" \/><\/p>\n<p>No se han reportados personas\u00a0 heridas.<\/p>\n<p>Los informes recibidos por parte de\u00a0 los distintos municipios de la provincia dan cuenta de\u00a0 de ca\u00edda de ramas, arboles, cortes de luz, y algunos\u00a0 focos de incendios todos controlados, en conjunto por efectivos de Bomberos de la Polic\u00eda de San Juan y Bomberos Voluntarios, en zona de Las Chacritas, Angaco y Rawson.<\/p>\n<p><img loading=\"lazy\" decoding=\"async\" class=\"alignnone size-full wp-image-46654\" src=\"https:\/\/vocesparalelas.com.ar\/sitio\/wp-content\/uploads\/2022\/02\/BOMBEROS-04.jpg\" alt=\"\" width=\"800\" height=\"449\" srcset=\"https:\/\/vocesparalelas.com.ar\/sitio\/wp-content\/uploads\/2022\/02\/BOMBEROS-04.jpg 800w, https:\/\/vocesparalelas.com.ar\/sitio\/wp-content\/uploads\/2022\/02\/BOMBEROS-04-300x168.jpg 300w, https:\/\/vocesparalelas.com.ar\/sitio\/wp-content\/uploads\/2022\/02\/BOMBEROS-04-768x431.jpg 768w\" sizes=\"auto, (max-width: 800px) 100vw, 800px\" \/><\/p>\n<p>&nbsp;<\/p>\n","protected":false},"excerpt":{"rendered":"<p>La Direcci\u00f3n de Protecci\u00f3n Civil de la Secretar\u00eda de Seguridad y Orden P\u00fablico del Gobierno de San Juan informa que\u00a0<\/p>\n","protected":false},"author":3,"featured_media":47301,"comment_status":"closed","ping_status":"closed","sticky":false,"template":"","format":"standard","meta":{"_acf_changed":false,"_seopress_robots_primary_cat":"none","_seopress_titles_title":"","_seopress_titles_desc":"","_seopress_robots_index":"","colormag_page_container_layout":"default_layout","colormag_page_sidebar_layout":"default_layout","footnotes":""},"categories":[1],"tags":[],"class_list":["post-47296","post","type-post","status-publish","format-standard","has-post-thumbnail","hentry","category-destacadas"],"acf":[],"_links":{"self":[{"href":"https:\/\/vocesparalelas.com.ar\/sitio\/wp-json\/wp\/v2\/posts\/47296","targetHints":{"allow":["GET"]}}],"collection":[{"href":"https:\/\/vocesparalelas.com.ar\/sitio\/wp-json\/wp\/v2\/posts"}],"about":[{"href":"https:\/\/vocesparalelas.com.ar\/sitio\/wp-json\/wp\/v2\/types\/post"}],"author":[{"embeddable":true,"href":"https:\/\/vocesparalelas.com.ar\/sitio\/wp-json\/wp\/v2\/users\/3"}],"replies":[{"embeddable":true,"href":"https:\/\/vocesparalelas.com.ar\/sitio\/wp-json\/wp\/v2\/comments?post=47296"}],"version-history":[{"count":1,"href":"https:\/\/vocesparalelas.com.ar\/sitio\/wp-json\/wp\/v2\/posts\/47296\/revisions"}],"predecessor-version":[{"id":47302,"href":"https:\/\/vocesparalelas.com.ar\/sitio\/wp-json\/wp\/v2\/posts\/47296\/revisions\/47302"}],"wp:featuredmedia":[{"embeddable":true,"href":"https:\/\/vocesparalelas.com.ar\/sitio\/wp-json\/wp\/v2\/media\/47301"}],"wp:attachment":[{"href":"https:\/\/vocesparalelas.com.ar\/sitio\/wp-json\/wp\/v2\/media?parent=47296"}],"wp:term":[{"taxonomy":"category","embeddable":true,"href":"https:\/\/vocesparalelas.com.ar\/sitio\/wp-json\/wp\/v2\/categories?post=47296"},{"taxonomy":"post_tag","embeddable":true,"href":"https:\/\/vocesparalelas.com.ar\/sitio\/wp-json\/wp\/v2\/tags?post=47296"}],"curies":[{"name":"wp","href":"https:\/\/api.w.org\/{rel}","templated":true}]}}