{"id":47281,"date":"2022-03-23T20:21:14","date_gmt":"2022-03-23T23:21:14","guid":{"rendered":"https:\/\/vocesparalelas.com.ar\/sitio\/?p=47281"},"modified":"2022-03-25T23:34:25","modified_gmt":"2022-03-26T02:34:25","slug":"conferencia-juana-manso-la-mujer-que-alzo-la-voz","status":"publish","type":"post","link":"https:\/\/vocesparalelas.com.ar\/sitio\/conferencia-juana-manso-la-mujer-que-alzo-la-voz\/","title":{"rendered":"Conferencia \u00abJuana Manso, la Mujer que alz\u00f3 la Voz\u00bb"},"content":{"rendered":"<p>El Viernes, 25 de Marzo, a las 20 hs.; en el Centro Cultural Estaci\u00f3n San Mart\u00edn contin\u00faa el Ciclo \u00abMujeres: sus huellas y voces\u00bb. Entrada libre y gratuita.<\/p>\n<p>En esta ocasi\u00f3n tienen el agrado de reflexionar, sobre esta gran mujer argentina, en una charla junto al Prof. Dar\u00edo L\u00f3pez Belot.<\/p>\n<p>En un tiempo en el que las mujeres deb\u00edan pedir permiso para usar la palabra, Juana Manso se rebel\u00f3 alzando su voz p\u00fablicamente, reclamando por la emancipaci\u00f3n de la mujer y por causas justas.<\/p>\n<p>Tambi\u00e9n, se puede disfrutar de la intervenci\u00f3n musical en vivo, a cargo de Emanuel Lucero y El\u00edas Mart\u00ednez.<\/p>\n<p>No se pierda la oportunidad de conocer la historia detr\u00e1s de mujeres que hicieron historia.<\/p>\n<p><strong><span style=\"color: #99cc00;\">Organizan<\/span><\/strong><\/p>\n<ul>\n<li>Facultad de Filosof\u00eda, Humanidades y Artes de la UNSJ<\/li>\n<li>Universidad Nacional de San Juan<\/li>\n<li>Municipalidad de la Capital<\/li>\n<\/ul>\n<p>&nbsp;<\/p>\n<p>&nbsp;<\/p>\n","protected":false},"excerpt":{"rendered":"<p>El Viernes, 25 de Marzo, a las 20 hs.; en el Centro Cultural Estaci\u00f3n San Mart\u00edn contin\u00faa el Ciclo \u00abMujeres:<\/p>\n","protected":false},"author":3,"featured_media":47283,"comment_status":"closed","ping_status":"closed","sticky":false,"template":"","format":"standard","meta":{"_acf_changed":false,"_seopress_robots_primary_cat":"none","_seopress_titles_title":"","_seopress_titles_desc":"","_seopress_robots_index":"","colormag_page_container_layout":"default_layout","colormag_page_sidebar_layout":"default_layout","footnotes":""},"categories":[20],"tags":[],"class_list":["post-47281","post","type-post","status-publish","format-standard","has-post-thumbnail","hentry","category-cartelera"],"acf":[],"_links":{"self":[{"href":"https:\/\/vocesparalelas.com.ar\/sitio\/wp-json\/wp\/v2\/posts\/47281","targetHints":{"allow":["GET"]}}],"collection":[{"href":"https:\/\/vocesparalelas.com.ar\/sitio\/wp-json\/wp\/v2\/posts"}],"about":[{"href":"https:\/\/vocesparalelas.com.ar\/sitio\/wp-json\/wp\/v2\/types\/post"}],"author":[{"embeddable":true,"href":"https:\/\/vocesparalelas.com.ar\/sitio\/wp-json\/wp\/v2\/users\/3"}],"replies":[{"embeddable":true,"href":"https:\/\/vocesparalelas.com.ar\/sitio\/wp-json\/wp\/v2\/comments?post=47281"}],"version-history":[{"count":1,"href":"https:\/\/vocesparalelas.com.ar\/sitio\/wp-json\/wp\/v2\/posts\/47281\/revisions"}],"predecessor-version":[{"id":47284,"href":"https:\/\/vocesparalelas.com.ar\/sitio\/wp-json\/wp\/v2\/posts\/47281\/revisions\/47284"}],"wp:featuredmedia":[{"embeddable":true,"href":"https:\/\/vocesparalelas.com.ar\/sitio\/wp-json\/wp\/v2\/media\/47283"}],"wp:attachment":[{"href":"https:\/\/vocesparalelas.com.ar\/sitio\/wp-json\/wp\/v2\/media?parent=47281"}],"wp:term":[{"taxonomy":"category","embeddable":true,"href":"https:\/\/vocesparalelas.com.ar\/sitio\/wp-json\/wp\/v2\/categories?post=47281"},{"taxonomy":"post_tag","embeddable":true,"href":"https:\/\/vocesparalelas.com.ar\/sitio\/wp-json\/wp\/v2\/tags?post=47281"}],"curies":[{"name":"wp","href":"https:\/\/api.w.org\/{rel}","templated":true}]}}