{"id":47225,"date":"2022-03-21T22:30:40","date_gmt":"2022-03-22T01:30:40","guid":{"rendered":"https:\/\/vocesparalelas.com.ar\/sitio\/?p=47225"},"modified":"2022-03-22T00:30:57","modified_gmt":"2022-03-22T03:30:57","slug":"san-juan-aplica-la-jubilacion-anticipada-para-trabajadores-de-vina","status":"publish","type":"post","link":"https:\/\/vocesparalelas.com.ar\/sitio\/san-juan-aplica-la-jubilacion-anticipada-para-trabajadores-de-vina\/","title":{"rendered":"San Juan aplica la jubilaci\u00f3n anticipada para trabajadores de vi\u00f1a"},"content":{"rendered":"<p>El gobernador de San Juan, Dr. Sergio U\u00f1ac, junto a la titular de Anses, Lic. Fernanda Raverta y a la autora del proyecto del nuevo R\u00e9gimen Previsional para obreros, obreras y contratistas de vi\u00f1a, Anabel Fern\u00e1ndez Sagasti, se dirigieron hasta el departamento 9 de Julio donde presidieron el acto de inicio de tr\u00e1mites para la jubilaci\u00f3n anticipada de obreros y contratistas de vi\u00f1a.<\/p>\n<p>El acto se realiz\u00f3 en la finca \u201cDon Abraham\u201d, y cont\u00f3 con la participaci\u00f3n de los diputados nacionales Walberto Allende y Fabiola Aubone, los senadores nacionales Rub\u00e9n U\u00f1ac y Cristina L\u00f3pez, el diputado departamental Miguel N\u00fa\u00f1ez, el secretario de Estado y Ambiente, Francisco Guevara, el jefe Regional Cuyo de ANSES, Carlos Gallo, el titular de Foeva, Carlos Emilio Oz\u00e1n y dem\u00e1s autoridades.<\/p>\n<p>La nueva ley permite que trabajadores del sector vitivin\u00edcola que cuenten con 25 a\u00f1os de aportes puedan jubilarse a los 57 a\u00f1os de edad. Adem\u00e1s, la legislaci\u00f3n elev\u00f3 de 10 a 12 las mensualidades b\u00e1sicas para los contratistas y obreros de vi\u00f1as. En la provincia, son casi 400 los trabajadores que podr\u00e1n acceder a este derecho.<\/p>\n<p>Tambi\u00e9n, la ley contempla que la remuneraci\u00f3n m\u00ednima por hect\u00e1rea y por a\u00f1o (mensualidad) debe ser fijada por la Comisi\u00f3n Paritaria que se crea por este estatuto. Cada una de las doce mensualidades fijadas no puede ser, bajo ninguna circunstancia, menor a la fijada durante el per\u00edodo agr\u00edcola anterior.<\/p>\n<p>Luego de los saludos a los presentes y en especial a la funcionaria nacional, Fernanda Raverta, el gobernador Sergio U\u00f1ac felicit\u00f3 a los beneficiarios de las primeras jubilaciones anticipadas y destac\u00f3 la diversificaci\u00f3n de la matriz econ\u00f3mica que San Juan ha impulsado en los \u00faltimos diez a\u00f1os a trav\u00e9s de la miner\u00eda, el turismo y el comercio, \u00abpero hay algo que m\u00e1s all\u00e1 de las nuevas actividades identifica a los sanjuaninos y es la vitivinicultura, una actividad en la que podemos labrar la tierra, sacar lo mejor de ella y convertirla en vino\u201d.<\/p>\n<p><iframe loading=\"lazy\" title=\"Se puso en marcha en San Juan la jubilaci\u00f3n anticipada para trabajadores de vi\u00f1a\" width=\"800\" height=\"450\" src=\"https:\/\/www.youtube.com\/embed\/CM-x_YQgGYE?feature=oembed\" frameborder=\"0\" allow=\"accelerometer; autoplay; clipboard-write; encrypted-media; gyroscope; picture-in-picture\" allowfullscreen><\/iframe><\/p>\n<p>Agreg\u00f3 que \u201cquienes hemos tenido responsabilidades departamentales hemos visto en esta actividad el esfuerzo que genera y c\u00f3mo desgasta la salud de cada trabajador. Por eso, este proyecto pol\u00edtico que nace en 1945 hacia adelante ha ido reconociendo derechos para cada uno de los trabajadores y nos enorgullecemos much\u00edsimo de que esto sea una realidad\u201d.<\/p>\n<p>A su turno, Fernanda Raverta, dirigi\u00e9ndose a los trabajadores reconoci\u00f3 que \u201cantes ustedes estaban en un r\u00e9gimen jubilatorio com\u00fan, lo que obligaba al trabajador de vi\u00f1a a 30 a\u00f1os de aporte y 65 de edad para reci\u00e9n jubilarse. Nosotros, desde Anses sabemos que hay actividades diferentes, que necesitan jubilaciones diferentes. Por eso, desde hoy, cuando ustedes accedan a la jubilaci\u00f3n, lo har\u00e1n a los 57 a\u00f1os y 25 de aporte, coronando una labor muy particular\u201d.<\/p>\n<p>Para finalizar, la funcionaria agreg\u00f3 que \u201custedes construyeron este lugar, este rinc\u00f3n de tierra de la Argentina. Gracias de coraz\u00f3n y bienvenidos al sistema previsional argentino\u201d.<\/p>\n<p>Por su parte, Carlos Emilio Oz\u00e1n, titular de Foeva, felicit\u00f3 a los beneficiarios de la jubilaci\u00f3n anticipada y dijo que \u201ca partir de este nuevo r\u00e9gimen previsional todos nuestros trabajadores van a poder acceder a la jubilaci\u00f3n a sus 57 a\u00f1os y van a poder disfrutar de sus familias y dedicarse a lo que ellos necesiten. Muchas gracias por sus a\u00f1os y esfuerzo en esta actividad\u201d.<\/p>\n<p>Tambi\u00e9n hizo uso de la palabra el diputado nacional Walberto Allende, quien reconoci\u00f3 que la normativa naci\u00f3n en un proyecto que se aprob\u00f3 pr\u00e1cticamente por unanimidad: \u201cHoy lo ponemos en marcha luego de su reglamentaci\u00f3n y qu\u00e9 mejor que con la presencia de la autora del proyecto y la titular de Anses. Estamos muy contentos de poder entregar la documentaci\u00f3n pero tambi\u00e9n poder dejar abierta la posibilidad para que los trabajadores puedan concurrir a las distintas oficinas de Anses\u00bb.<\/p>\n<p>&nbsp;<\/p>\n","protected":false},"excerpt":{"rendered":"<p>El gobernador de San Juan, Dr. Sergio U\u00f1ac, junto a la titular de Anses, Lic. Fernanda Raverta y a la<\/p>\n","protected":false},"author":3,"featured_media":47227,"comment_status":"closed","ping_status":"closed","sticky":false,"template":"","format":"video","meta":{"_acf_changed":false,"_seopress_robots_primary_cat":"none","_seopress_titles_title":"","_seopress_titles_desc":"","_seopress_robots_index":"","colormag_page_container_layout":"default_layout","colormag_page_sidebar_layout":"default_layout","footnotes":""},"categories":[1,7],"tags":[],"class_list":["post-47225","post","type-post","status-publish","format-video","has-post-thumbnail","hentry","category-destacadas","category-videos","post_format-post-format-video"],"acf":[],"_links":{"self":[{"href":"https:\/\/vocesparalelas.com.ar\/sitio\/wp-json\/wp\/v2\/posts\/47225","targetHints":{"allow":["GET"]}}],"collection":[{"href":"https:\/\/vocesparalelas.com.ar\/sitio\/wp-json\/wp\/v2\/posts"}],"about":[{"href":"https:\/\/vocesparalelas.com.ar\/sitio\/wp-json\/wp\/v2\/types\/post"}],"author":[{"embeddable":true,"href":"https:\/\/vocesparalelas.com.ar\/sitio\/wp-json\/wp\/v2\/users\/3"}],"replies":[{"embeddable":true,"href":"https:\/\/vocesparalelas.com.ar\/sitio\/wp-json\/wp\/v2\/comments?post=47225"}],"version-history":[{"count":1,"href":"https:\/\/vocesparalelas.com.ar\/sitio\/wp-json\/wp\/v2\/posts\/47225\/revisions"}],"predecessor-version":[{"id":47228,"href":"https:\/\/vocesparalelas.com.ar\/sitio\/wp-json\/wp\/v2\/posts\/47225\/revisions\/47228"}],"wp:featuredmedia":[{"embeddable":true,"href":"https:\/\/vocesparalelas.com.ar\/sitio\/wp-json\/wp\/v2\/media\/47227"}],"wp:attachment":[{"href":"https:\/\/vocesparalelas.com.ar\/sitio\/wp-json\/wp\/v2\/media?parent=47225"}],"wp:term":[{"taxonomy":"category","embeddable":true,"href":"https:\/\/vocesparalelas.com.ar\/sitio\/wp-json\/wp\/v2\/categories?post=47225"},{"taxonomy":"post_tag","embeddable":true,"href":"https:\/\/vocesparalelas.com.ar\/sitio\/wp-json\/wp\/v2\/tags?post=47225"}],"curies":[{"name":"wp","href":"https:\/\/api.w.org\/{rel}","templated":true}]}}