{"id":47149,"date":"2022-03-17T23:28:01","date_gmt":"2022-03-18T02:28:01","guid":{"rendered":"https:\/\/vocesparalelas.com.ar\/sitio\/?p=47149"},"modified":"2022-03-20T00:39:58","modified_gmt":"2022-03-20T03:39:58","slug":"apertura-de-la-temporada-2022-de-la-orquesta-sinfonica-de-la-unsj","status":"publish","type":"post","link":"https:\/\/vocesparalelas.com.ar\/sitio\/apertura-de-la-temporada-2022-de-la-orquesta-sinfonica-de-la-unsj\/","title":{"rendered":"Apertura de la Temporada 2022 de la Orquesta Sinf\u00f3nica de la UNSJ"},"content":{"rendered":"<p>En el Hall del Auditorio Juan Victoria de San Juan, el Rector de la UNSJ, Ing. Tadeo Berenguer, la decana de la Facultad de Filosof\u00eda, Humanidades y Artes de la UNSJ, Mg. Myriam Arrabal, el Vicedecano, Prof. Marcelo Vasquez, el Director del Auditorio Juan Victoria, Rolando Garc\u00eda G\u00f3mez, el Director de la Orquesta Sinf\u00f3nica de la UNSJ, maestro Alfons Revert\u00e9 Casas y el pianista Leonardo Marconi fueron los responsables de presentar la Temporada 2022 de la Orquesta Sinf\u00f3nica de la UNSJ.<\/p>\n<p>El rector de la UNSJ, Ing. Tadeo Berenguer destac\u00f3 que \u00a0\u201cla m\u00fasica de la Orquesta Sinf\u00f3nica de la UNSJ es para todos. Nuestra orquesta debe llegar al pueblo, al cual se debe la universidad\u201d.<\/p>\n<p><iframe loading=\"lazy\" title=\"UNSJ RECTOR ING TADEO BERENGUER\" width=\"800\" height=\"450\" src=\"https:\/\/www.youtube.com\/embed\/rMtqmrnlmCU?feature=oembed\" frameborder=\"0\" allow=\"accelerometer; autoplay; clipboard-write; encrypted-media; gyroscope; picture-in-picture\" allowfullscreen><\/iframe><\/p>\n<p>&nbsp;<\/p>\n<p>Seguidamente, la decana de la Facultad de Filosof\u00eda, Humanidades y Artes de la UNSJ, Mg. Myriam Arrabal destac\u00f3 que \u00abpresentamos al nuevo director de la orquesta Alfons Revert\u00e9 Casas. Estamos contentos y agradecidos al gobierno de San Juan, por la posibilidad de trabajar en forma conjunta por el quehacer cultural\u201d.<\/p>\n<p><iframe loading=\"lazy\" title=\"UNSJ DECANA FFHA MG MYRIAN ARRABAL\" width=\"800\" height=\"450\" src=\"https:\/\/www.youtube.com\/embed\/UfNqDiq13ec?feature=oembed\" frameborder=\"0\" allow=\"accelerometer; autoplay; clipboard-write; encrypted-media; gyroscope; picture-in-picture\" allowfullscreen><\/iframe><\/p>\n<p>Posteriormente, el el Director de la Orquesta Sinf\u00f3nica de la UNSJ, maestro Alfons Revert\u00e9 Casas expres\u00f3 que \u201clas personas pasamos, pero las instituciones quedan y eso lo tenemos claro. Por eso hay que ponerla en el lugar que merece, al servicio de toda la sociedad. Los proyectos culturales que est\u00e1n sustentados por el dinero p\u00fablico requieren que tengamos claro que el foco no est\u00e1 en nosotros, sino en los dem\u00e1s. Es una herramienta cultural al servicio de la comunidad\u201d.<\/p>\n<p><iframe loading=\"lazy\" title=\"UNSJ ORQUESTA\" width=\"800\" height=\"450\" src=\"https:\/\/www.youtube.com\/embed\/eFQfbO0XjsI?feature=oembed\" frameborder=\"0\" allow=\"accelerometer; autoplay; clipboard-write; encrypted-media; gyroscope; picture-in-picture\" allowfullscreen><\/iframe><\/p>\n<p>Luego, el Director del Auditorio Juan Victoria, Rolando Garc\u00eda G\u00f3mez remarc\u00f3 que \u00abcomenzar la temporada permite que la Orquesta pueda dar vida al Auditorio\u00bb.<\/p>\n<p><iframe loading=\"lazy\" title=\"UNSJ ROLANDO GARC\u00cdA G\u00d3MEZ\" width=\"800\" height=\"450\" src=\"https:\/\/www.youtube.com\/embed\/I2Guuxzamrk?feature=oembed\" frameborder=\"0\" allow=\"accelerometer; autoplay; clipboard-write; encrypted-media; gyroscope; picture-in-picture\" allowfullscreen><\/iframe><\/p>\n<p>&nbsp;<\/p>\n<p>Finalmente, el pianista Leonardo Marconi puntualiz\u00f3 que \u00abes un honor actuar bajo la direcci\u00f3n del maestro Alfons Revert\u00e9 Casas y con la Orquesta\u00bb.<\/p>\n<p><iframe loading=\"lazy\" title=\"UNSJ PIANISTA\" width=\"800\" height=\"450\" src=\"https:\/\/www.youtube.com\/embed\/3Q4nDZOY8oA?feature=oembed\" frameborder=\"0\" allow=\"accelerometer; autoplay; clipboard-write; encrypted-media; gyroscope; picture-in-picture\" allowfullscreen><\/iframe><\/p>\n<p><span style=\"color: #ff9900;\"><strong>Alfons Revert\u00e9 Casas<\/strong><\/span><\/p>\n<p>Nacido en Barcelona en el seno de una familia de m\u00fasicos, se titul\u00f3 en el Conservatorio Superior de M\u00fasica de Barcelona en las especialidades de Clarinete, Solfeo, Armon\u00eda, Composici\u00f3n, Instrumentaci\u00f3n y Direcci\u00f3n de Orquesta.<\/p>\n<p>Paralelamente curs\u00f3 estudios de Derecho en la Universidad de Barcelona y ampli\u00f3 estudios de direcci\u00f3n de orquesta en Inglaterra.<\/p>\n<p>Como clarinetista ha sido miembro de la Orquestra Sinf\u00f3nica Nacional de Catalunya-OBC desde el a\u00f1o 1986, as\u00ed como tambi\u00e9n, de numerosos grupos de c\u00e1mara.<\/p>\n<p>Ha dirigido en Espa\u00f1a, entre muchas otras, la OBC, la Orquestra del Gran Teatre del Liceu y orquestas como la Sinf\u00f3nica de Tenerife, de la Coru\u00f1a, de Baleares, del Vall\u00e9s, de C\u00f3rdoba, de Pamplona, etc.<\/p>\n<p>Para el primer concierto, a realizarse el Viernes, 18 de Marzo, a las 21.30 en el Auditorio Juan Victoria, se defini\u00f3 un programa que incluye las siguientes obras: Obertura \u201cEl empresario\u201d, de Wolfgang Amadeus Mozart; Concierto para Piano y Orquesta N\u00ba 3 de Ludwig Van Beethoven, con la actuaci\u00f3n como solista de Leonardo Marconi y la Sinfon\u00eda N\u00ba 8 de Ludwig Van Beethoven.<\/p>\n<p>El concierto es con entrada libre y gratuita hasta completar el aforo de la sala, con transmisi\u00f3n de canal XAMA, en el 33.1 de la TDA.<\/p>\n","protected":false},"excerpt":{"rendered":"<p>En el Hall del Auditorio Juan Victoria de San Juan, el Rector de la UNSJ, Ing. Tadeo Berenguer, la decana<\/p>\n","protected":false},"author":3,"featured_media":47151,"comment_status":"closed","ping_status":"closed","sticky":false,"template":"","format":"video","meta":{"_acf_changed":false,"_seopress_robots_primary_cat":"none","_seopress_titles_title":"","_seopress_titles_desc":"","_seopress_robots_index":"","colormag_page_container_layout":"default_layout","colormag_page_sidebar_layout":"default_layout","footnotes":""},"categories":[10,7],"tags":[],"class_list":["post-47149","post","type-post","status-publish","format-video","has-post-thumbnail","hentry","category-opiniones","category-videos","post_format-post-format-video"],"acf":[],"_links":{"self":[{"href":"https:\/\/vocesparalelas.com.ar\/sitio\/wp-json\/wp\/v2\/posts\/47149","targetHints":{"allow":["GET"]}}],"collection":[{"href":"https:\/\/vocesparalelas.com.ar\/sitio\/wp-json\/wp\/v2\/posts"}],"about":[{"href":"https:\/\/vocesparalelas.com.ar\/sitio\/wp-json\/wp\/v2\/types\/post"}],"author":[{"embeddable":true,"href":"https:\/\/vocesparalelas.com.ar\/sitio\/wp-json\/wp\/v2\/users\/3"}],"replies":[{"embeddable":true,"href":"https:\/\/vocesparalelas.com.ar\/sitio\/wp-json\/wp\/v2\/comments?post=47149"}],"version-history":[{"count":3,"href":"https:\/\/vocesparalelas.com.ar\/sitio\/wp-json\/wp\/v2\/posts\/47149\/revisions"}],"predecessor-version":[{"id":47161,"href":"https:\/\/vocesparalelas.com.ar\/sitio\/wp-json\/wp\/v2\/posts\/47149\/revisions\/47161"}],"wp:featuredmedia":[{"embeddable":true,"href":"https:\/\/vocesparalelas.com.ar\/sitio\/wp-json\/wp\/v2\/media\/47151"}],"wp:attachment":[{"href":"https:\/\/vocesparalelas.com.ar\/sitio\/wp-json\/wp\/v2\/media?parent=47149"}],"wp:term":[{"taxonomy":"category","embeddable":true,"href":"https:\/\/vocesparalelas.com.ar\/sitio\/wp-json\/wp\/v2\/categories?post=47149"},{"taxonomy":"post_tag","embeddable":true,"href":"https:\/\/vocesparalelas.com.ar\/sitio\/wp-json\/wp\/v2\/tags?post=47149"}],"curies":[{"name":"wp","href":"https:\/\/api.w.org\/{rel}","templated":true}]}}