{"id":47127,"date":"2022-03-17T20:15:39","date_gmt":"2022-03-17T23:15:39","guid":{"rendered":"https:\/\/vocesparalelas.com.ar\/sitio\/?p=47127"},"modified":"2022-03-17T20:24:34","modified_gmt":"2022-03-17T23:24:34","slug":"pedido-de-justicia-a-30-anos-del-atentado-a-la-embajada-de-israel","status":"publish","type":"post","link":"https:\/\/vocesparalelas.com.ar\/sitio\/pedido-de-justicia-a-30-anos-del-atentado-a-la-embajada-de-israel\/","title":{"rendered":"Pedido de Justicia a 30\u00b0 a\u00f1os del atentado a la Embajada de Israel"},"content":{"rendered":"<p>El gobernador de San Juan, Dr. Sergio U\u00f1ac, acompa\u00f1ado por el vicegobernador CPN Roberto Gattoni y el ministro de Gobierno, Dr. Alberto Hensel, recibi\u00f3 los saludos de miembros de la Sociedad Israelita de Beneficencia de San Juan.<\/p>\n<p>Estuvieron el presidente de la Sociedad Israelita de Beneficencia de San Juan, Dr. Leonardo Siere; la directora de Culto de la Sociedad Israelita, Lic. Paula Romero; secretaria de la instituci\u00f3n Graciela Kalejman; miembros de la comisi\u00f3n directiva de la entidad Analaura Bejman y Alberto Tehuel y Facundo Palacios, referente de la juventud israelita.<\/p>\n<p><img loading=\"lazy\" decoding=\"async\" class=\"alignnone size-full wp-image-47131\" src=\"https:\/\/vocesparalelas.com.ar\/sitio\/wp-content\/uploads\/2022\/03\/AMIA-01.jpg\" alt=\"\" width=\"800\" height=\"533\" srcset=\"https:\/\/vocesparalelas.com.ar\/sitio\/wp-content\/uploads\/2022\/03\/AMIA-01.jpg 800w, https:\/\/vocesparalelas.com.ar\/sitio\/wp-content\/uploads\/2022\/03\/AMIA-01-300x200.jpg 300w, https:\/\/vocesparalelas.com.ar\/sitio\/wp-content\/uploads\/2022\/03\/AMIA-01-768x512.jpg 768w\" sizes=\"auto, (max-width: 800px) 100vw, 800px\" \/><\/p>\n<p>A la salida de la reuni\u00f3n, el presidente de la Sociedad Israelita de Beneficencia de San Juan, Dr. Leonardo Siere manifest\u00f3 que \u00abes una obligaci\u00f3n de todos la construcci\u00f3n social constante a trav\u00e9s de la memoria. No solamente recordar a los ca\u00eddos, adem\u00e1s hay que exigir justicia y sentir que el paso del tiempo no nos es indiferente. Acompa\u00f1amos a los deudos y respondemos a los que muestran mensajes de odio y de intolerancia, acciones que no tienen lugar en nuestro pa\u00eds\u201d.<\/p>\n<figure id=\"attachment_47130\" aria-describedby=\"caption-attachment-47130\" style=\"width: 800px\" class=\"wp-caption alignnone\"><img loading=\"lazy\" decoding=\"async\" class=\"size-full wp-image-47130\" src=\"https:\/\/vocesparalelas.com.ar\/sitio\/wp-content\/uploads\/2022\/03\/LEONARDO-SIERE.jpg\" alt=\"\" width=\"800\" height=\"533\" srcset=\"https:\/\/vocesparalelas.com.ar\/sitio\/wp-content\/uploads\/2022\/03\/LEONARDO-SIERE.jpg 800w, https:\/\/vocesparalelas.com.ar\/sitio\/wp-content\/uploads\/2022\/03\/LEONARDO-SIERE-300x200.jpg 300w, https:\/\/vocesparalelas.com.ar\/sitio\/wp-content\/uploads\/2022\/03\/LEONARDO-SIERE-768x512.jpg 768w\" sizes=\"auto, (max-width: 800px) 100vw, 800px\" \/><figcaption id=\"caption-attachment-47130\" class=\"wp-caption-text\">presidente de la Sociedad Israelita de Beneficencia de San Juan, Dr. Leonardo Siere<\/figcaption><\/figure>\n<p>&nbsp;<\/p>\n<p><iframe loading=\"lazy\" title=\"SEBSJ DR LEONARDO SIERE\" width=\"800\" height=\"450\" src=\"https:\/\/www.youtube.com\/embed\/kuCjLl5byv8?feature=oembed\" frameborder=\"0\" allow=\"accelerometer; autoplay; clipboard-write; encrypted-media; gyroscope; picture-in-picture\" allowfullscreen><\/iframe><\/p>\n<p>&nbsp;<\/p>\n<p><strong><span style=\"color: #800080;\">El atentado<\/span><\/strong><\/p>\n<p>El ataque terrorista a la embajada israel\u00ed en Buenos Aires ocurri\u00f3 el martes 17 de marzo de 1992 a las 14:45, cuando una camioneta Ford F-100 conducida por un suicida y cargada con explosivos fue estrellada contra el frente del edificio de la Embajada de Israel, localizada en la esquina de Arroyo y Suipacha, causando la destrucci\u00f3n de la embajada y da\u00f1os a una iglesia cat\u00f3lica y una escuela ubicada en un edificio cercano.<\/p>\n<p>En el atentado terrorista murieron 29 personas, entre israel\u00edes y argentinos e hiri\u00f3 a otras 242. Fue el segundo peor ataque terrorista en la historia de Argentina, despu\u00e9s del atentado terrorista contra la AMIA en 1994, y el peor ataque contra una misi\u00f3n diplom\u00e1tica israel\u00ed.<\/p>\n<p>Se cree que los autores del ataque ingresaron al pa\u00eds a trav\u00e9s de la regi\u00f3n llamada Triple Frontera, el \u00e1rea donde confluyen las fronteras de Argentina, Paraguay y Brasil.<\/p>\n<p>Dos a\u00f1os despu\u00e9s, el 18 de julio de 1994, un coche bomba estall\u00f3 frente a la AMIA, la organizaci\u00f3n mutual jud\u00eda m\u00e1s importante del pa\u00eds, tambi\u00e9n en Buenos Aires, lo que tuvo como resultado la muerte de 85 personas.<\/p>\n<p><iframe loading=\"lazy\" title=\"U\u00f1ac recibi\u00f3 a la Sociedad Israelita San Juan en el aniversario del atentado a la Embajada de Israel\" width=\"800\" height=\"450\" src=\"https:\/\/www.youtube.com\/embed\/38XWg2Q1lFo?feature=oembed\" frameborder=\"0\" allow=\"accelerometer; autoplay; clipboard-write; encrypted-media; gyroscope; picture-in-picture\" allowfullscreen><\/iframe><\/p>\n<p>&nbsp;<\/p>\n<p>&nbsp;<\/p>\n<p>&nbsp;<\/p>\n","protected":false},"excerpt":{"rendered":"<p>El gobernador de San Juan, Dr. Sergio U\u00f1ac, acompa\u00f1ado por el vicegobernador CPN Roberto Gattoni y el ministro de Gobierno,<\/p>\n","protected":false},"author":3,"featured_media":47129,"comment_status":"closed","ping_status":"closed","sticky":false,"template":"","format":"video","meta":{"_acf_changed":false,"_seopress_robots_primary_cat":"none","_seopress_titles_title":"","_seopress_titles_desc":"","_seopress_robots_index":"","colormag_page_container_layout":"default_layout","colormag_page_sidebar_layout":"default_layout","footnotes":""},"categories":[1,7],"tags":[],"class_list":["post-47127","post","type-post","status-publish","format-video","has-post-thumbnail","hentry","category-destacadas","category-videos","post_format-post-format-video"],"acf":[],"_links":{"self":[{"href":"https:\/\/vocesparalelas.com.ar\/sitio\/wp-json\/wp\/v2\/posts\/47127","targetHints":{"allow":["GET"]}}],"collection":[{"href":"https:\/\/vocesparalelas.com.ar\/sitio\/wp-json\/wp\/v2\/posts"}],"about":[{"href":"https:\/\/vocesparalelas.com.ar\/sitio\/wp-json\/wp\/v2\/types\/post"}],"author":[{"embeddable":true,"href":"https:\/\/vocesparalelas.com.ar\/sitio\/wp-json\/wp\/v2\/users\/3"}],"replies":[{"embeddable":true,"href":"https:\/\/vocesparalelas.com.ar\/sitio\/wp-json\/wp\/v2\/comments?post=47127"}],"version-history":[{"count":2,"href":"https:\/\/vocesparalelas.com.ar\/sitio\/wp-json\/wp\/v2\/posts\/47127\/revisions"}],"predecessor-version":[{"id":47134,"href":"https:\/\/vocesparalelas.com.ar\/sitio\/wp-json\/wp\/v2\/posts\/47127\/revisions\/47134"}],"wp:featuredmedia":[{"embeddable":true,"href":"https:\/\/vocesparalelas.com.ar\/sitio\/wp-json\/wp\/v2\/media\/47129"}],"wp:attachment":[{"href":"https:\/\/vocesparalelas.com.ar\/sitio\/wp-json\/wp\/v2\/media?parent=47127"}],"wp:term":[{"taxonomy":"category","embeddable":true,"href":"https:\/\/vocesparalelas.com.ar\/sitio\/wp-json\/wp\/v2\/categories?post=47127"},{"taxonomy":"post_tag","embeddable":true,"href":"https:\/\/vocesparalelas.com.ar\/sitio\/wp-json\/wp\/v2\/tags?post=47127"}],"curies":[{"name":"wp","href":"https:\/\/api.w.org\/{rel}","templated":true}]}}