{"id":47105,"date":"2022-03-16T21:27:47","date_gmt":"2022-03-17T00:27:47","guid":{"rendered":"https:\/\/vocesparalelas.com.ar\/sitio\/?p=47105"},"modified":"2022-03-18T22:39:22","modified_gmt":"2022-03-19T01:39:22","slug":"segunda-edicion-mujeres-en-accion-en-el-centro-cultural-conte-grand","status":"publish","type":"post","link":"https:\/\/vocesparalelas.com.ar\/sitio\/segunda-edicion-mujeres-en-accion-en-el-centro-cultural-conte-grand\/","title":{"rendered":"Segunda edici\u00f3n \u00abMujeres en acci\u00f3n\u201d en el Centro Cultural Conte Grand"},"content":{"rendered":"<p>En el marco conmemorativo del\u00a0mes de la mujer,\u00a0el\u00a0Centro Cultural Conte Grand\u00a0a trav\u00e9s del\u00a0Ministerio de Turismo y Cultura del Gobierno de San Juan, invita a la segunda edici\u00f3n \u201cMujeres en acci\u00f3n\u201d, el Viernes, 18 y el S\u00e1bado, 19 de Marzo.<\/p>\n<p>El encuentro propone reconocer la importancia a nivel cultural que representa este g\u00e9nero en las instituciones.<\/p>\n<ul>\n<li>El Viernes, 18 de Marzo, se lanza una muestra fotogr\u00e1fica \u201cCon-mover Miradas\u201d donde se aglutinan f\u00edsicamente algunas producciones regionales y art\u00edsticas llevadas a cabo por mujeres de San Juan bajo una tem\u00e1tica ecol\u00f3gica y sustentable.\u00a0La intervenci\u00f3n art\u00edstica est\u00e1 a cargo de Laura Banga y m\u00fasica en vivo de la mano de Roc\u00edo Garc\u00eda, DJ Gustavina y VJ Violeta Lvare.<\/li>\n<li>El S\u00e1bado, 19 de Marzo, bajo la conducci\u00f3n de la artista trans Marcela Rouge se presenta un show musical ac\u00fastico y danza, donde el escenario del Conte se converte en un verdadero espacio de actividades autogestivas y con mucha creatividad. Act\u00faan las siguientes artistas: DJ Francis Mery, Gen\u00e9tica 3, Juana Sonora y VJ Violeta Lvare y adem\u00e1s la participaci\u00f3n esc\u00e9nica del elenco de Tango femenino y de Femme Style.<\/li>\n<\/ul>\n","protected":false},"excerpt":{"rendered":"<p>En el marco conmemorativo del\u00a0mes de la mujer,\u00a0el\u00a0Centro Cultural Conte Grand\u00a0a trav\u00e9s del\u00a0Ministerio de Turismo y Cultura del Gobierno de<\/p>\n","protected":false},"author":3,"featured_media":22523,"comment_status":"closed","ping_status":"closed","sticky":false,"template":"","format":"standard","meta":{"_acf_changed":false,"_seopress_robots_primary_cat":"none","_seopress_titles_title":"","_seopress_titles_desc":"","_seopress_robots_index":"","colormag_page_container_layout":"default_layout","colormag_page_sidebar_layout":"default_layout","footnotes":""},"categories":[20],"tags":[],"class_list":["post-47105","post","type-post","status-publish","format-standard","has-post-thumbnail","hentry","category-cartelera"],"acf":[],"_links":{"self":[{"href":"https:\/\/vocesparalelas.com.ar\/sitio\/wp-json\/wp\/v2\/posts\/47105","targetHints":{"allow":["GET"]}}],"collection":[{"href":"https:\/\/vocesparalelas.com.ar\/sitio\/wp-json\/wp\/v2\/posts"}],"about":[{"href":"https:\/\/vocesparalelas.com.ar\/sitio\/wp-json\/wp\/v2\/types\/post"}],"author":[{"embeddable":true,"href":"https:\/\/vocesparalelas.com.ar\/sitio\/wp-json\/wp\/v2\/users\/3"}],"replies":[{"embeddable":true,"href":"https:\/\/vocesparalelas.com.ar\/sitio\/wp-json\/wp\/v2\/comments?post=47105"}],"version-history":[{"count":1,"href":"https:\/\/vocesparalelas.com.ar\/sitio\/wp-json\/wp\/v2\/posts\/47105\/revisions"}],"predecessor-version":[{"id":47107,"href":"https:\/\/vocesparalelas.com.ar\/sitio\/wp-json\/wp\/v2\/posts\/47105\/revisions\/47107"}],"wp:featuredmedia":[{"embeddable":true,"href":"https:\/\/vocesparalelas.com.ar\/sitio\/wp-json\/wp\/v2\/media\/22523"}],"wp:attachment":[{"href":"https:\/\/vocesparalelas.com.ar\/sitio\/wp-json\/wp\/v2\/media?parent=47105"}],"wp:term":[{"taxonomy":"category","embeddable":true,"href":"https:\/\/vocesparalelas.com.ar\/sitio\/wp-json\/wp\/v2\/categories?post=47105"},{"taxonomy":"post_tag","embeddable":true,"href":"https:\/\/vocesparalelas.com.ar\/sitio\/wp-json\/wp\/v2\/tags?post=47105"}],"curies":[{"name":"wp","href":"https:\/\/api.w.org\/{rel}","templated":true}]}}