{"id":47030,"date":"2022-03-14T21:49:16","date_gmt":"2022-03-15T00:49:16","guid":{"rendered":"https:\/\/vocesparalelas.com.ar\/sitio\/?p=47030"},"modified":"2022-03-17T00:25:23","modified_gmt":"2022-03-17T03:25:23","slug":"ciclo-de-capacitaciones-para-pymes-y-emprendedores","status":"publish","type":"post","link":"https:\/\/vocesparalelas.com.ar\/sitio\/ciclo-de-capacitaciones-para-pymes-y-emprendedores\/","title":{"rendered":"Ciclo de capacitaciones para Pymes y emprendedores"},"content":{"rendered":"<p>La Secretar\u00eda de la Peque\u00f1a y Mediana Empresa y los Emprendedores del Ministerio de Producci\u00f3n de la Naci\u00f3n junto al Instituto Argentino de la Empresa Familiar &#8211; IADEF &#8211; lanzan un ciclo de capacitaciones organizado para identificar las caracter\u00edsticas de las empresas familiares.<\/p>\n<p>La Direcci\u00f3n de Pymes y Emprendedores del Ministerio de Producci\u00f3n y Desarrollo Econ\u00f3mico de San Juan adhiere a esta propuesta e invita a las pymes de la provincia a sumarse.<\/p>\n<p><span style=\"color: #339966;\"><strong>Objetivos del Ciclo de Capacitaciones\u00a0<\/strong><\/span><\/p>\n<ul>\n<li>Promover las capacidades productivas, comerciales y de gesti\u00f3n de la pyme familiar.<\/li>\n<li>Tomar decisiones basadas en datos precisos y oportunos.<\/li>\n<li>Conocer las problem\u00e1ticas habituales y las claves para resolverlas.<\/li>\n<li>Entender el proceso sucesorio y establecer las bases para una planificaci\u00f3n ordenada en la empresa, la familia y la propiedad.<\/li>\n<li>Explorar qu\u00e9 es y qu\u00e9 no es un Protocolo Familiar y c\u00f3mo se realiza.<\/li>\n<\/ul>\n<p>Las capacitaciones comienzan el Martes, 15 de Marzo y contin\u00faan el 22 y 29 de Marzo, a las 11 horas por la plataforma Zoom.<\/p>\n<p>Los interesados en participar pueden inscribirse a trav\u00e9s de\u00a0este link<\/p>\n<p><a href=\"https:\/\/bit.ly\/PYMESFAMILIARES\">https:\/\/bit.ly\/PYMESFAMILIARES<\/a><\/p>\n<p><strong><span style=\"color: #339966;\">Por dudas y consultas, est\u00e1n habilitados los siguientes canales de comunicaci\u00f3n:\u00a0<\/span><\/strong><\/p>\n<p><span id=\"cloak99549e35af9b323ae5dbf7ddd1d6d312\"><a href=\"mailto:dpymesyemprendedores@sanjuan.gov.ar\">dpymesyemprendedores@sanjuan.gov.ar<\/a><\/span><\/p>\n<p>y 4306456 &#8211; 4306471.<\/p>\n","protected":false},"excerpt":{"rendered":"<p>La Secretar\u00eda de la Peque\u00f1a y Mediana Empresa y los Emprendedores del Ministerio de Producci\u00f3n de la Naci\u00f3n junto al<\/p>\n","protected":false},"author":3,"featured_media":28410,"comment_status":"closed","ping_status":"closed","sticky":false,"template":"","format":"standard","meta":{"_acf_changed":false,"_seopress_robots_primary_cat":"none","_seopress_titles_title":"","_seopress_titles_desc":"","_seopress_robots_index":"","colormag_page_container_layout":"default_layout","colormag_page_sidebar_layout":"default_layout","footnotes":""},"categories":[9],"tags":[],"class_list":["post-47030","post","type-post","status-publish","format-standard","has-post-thumbnail","hentry","category-cursos"],"acf":[],"_links":{"self":[{"href":"https:\/\/vocesparalelas.com.ar\/sitio\/wp-json\/wp\/v2\/posts\/47030","targetHints":{"allow":["GET"]}}],"collection":[{"href":"https:\/\/vocesparalelas.com.ar\/sitio\/wp-json\/wp\/v2\/posts"}],"about":[{"href":"https:\/\/vocesparalelas.com.ar\/sitio\/wp-json\/wp\/v2\/types\/post"}],"author":[{"embeddable":true,"href":"https:\/\/vocesparalelas.com.ar\/sitio\/wp-json\/wp\/v2\/users\/3"}],"replies":[{"embeddable":true,"href":"https:\/\/vocesparalelas.com.ar\/sitio\/wp-json\/wp\/v2\/comments?post=47030"}],"version-history":[{"count":1,"href":"https:\/\/vocesparalelas.com.ar\/sitio\/wp-json\/wp\/v2\/posts\/47030\/revisions"}],"predecessor-version":[{"id":47032,"href":"https:\/\/vocesparalelas.com.ar\/sitio\/wp-json\/wp\/v2\/posts\/47030\/revisions\/47032"}],"wp:featuredmedia":[{"embeddable":true,"href":"https:\/\/vocesparalelas.com.ar\/sitio\/wp-json\/wp\/v2\/media\/28410"}],"wp:attachment":[{"href":"https:\/\/vocesparalelas.com.ar\/sitio\/wp-json\/wp\/v2\/media?parent=47030"}],"wp:term":[{"taxonomy":"category","embeddable":true,"href":"https:\/\/vocesparalelas.com.ar\/sitio\/wp-json\/wp\/v2\/categories?post=47030"},{"taxonomy":"post_tag","embeddable":true,"href":"https:\/\/vocesparalelas.com.ar\/sitio\/wp-json\/wp\/v2\/tags?post=47030"}],"curies":[{"name":"wp","href":"https:\/\/api.w.org\/{rel}","templated":true}]}}