{"id":47007,"date":"2022-03-12T21:19:33","date_gmt":"2022-03-13T00:19:33","guid":{"rendered":"https:\/\/vocesparalelas.com.ar\/sitio\/?p=47007"},"modified":"2022-03-14T23:17:19","modified_gmt":"2022-03-15T02:17:19","slug":"ciclo-entramadas-con-hilos-y-agujas-gritamos","status":"publish","type":"post","link":"https:\/\/vocesparalelas.com.ar\/sitio\/ciclo-entramadas-con-hilos-y-agujas-gritamos\/","title":{"rendered":"Ciclo Entramadas \u00abCon hilos y agujas gritamos\u00bb"},"content":{"rendered":"<p>El Museo y Biblioteca Casa Natal de Sarmiento invita a participar en el marco del Ciclo \u00abEntramadas\u00bb, el Lunes, 14 de Marzo, a las 18 hs, del taller de bordado como herramienta de denuncia, \u00abCon hilos y agujas gritamos\u00bb a cargo de la tallerista, Macarena Pera<\/p>\n<p>Es un taller donde se aborda la introducci\u00f3n sobre el bordado en el arte, su rol como veh\u00edculo de ideolog\u00eda repasando algunas exponentes contempor\u00e1neas artivistas.<\/p>\n<p>A trav\u00e9s del di\u00e1logo y debate se busca hacer surgir disparadores que generen un dise\u00f1o personal para bordar, el cual se aplica durante el taller a trav\u00e9s de una obra sencilla que borda cada participante.<\/p>\n<p>Cupo: Limitado<\/p>\n<p><span style=\"color: #99cc00;\"><strong>Inscripciones<\/strong><\/span><\/p>\n<p><a href=\"mailto:cicloentramadas@gmail.com\" rel=\"noreferrer\">cicloentramadas@gmail.com<\/a><\/p>\n<p>&nbsp;<\/p>\n<p><img loading=\"lazy\" decoding=\"async\" class=\"alignnone size-full wp-image-41747\" src=\"https:\/\/vocesparalelas.com.ar\/sitio\/wp-content\/uploads\/2021\/09\/CASA-SARMIENTO-FRENTE-02.jpg\" alt=\"\" width=\"800\" height=\"533\" srcset=\"https:\/\/vocesparalelas.com.ar\/sitio\/wp-content\/uploads\/2021\/09\/CASA-SARMIENTO-FRENTE-02.jpg 800w, https:\/\/vocesparalelas.com.ar\/sitio\/wp-content\/uploads\/2021\/09\/CASA-SARMIENTO-FRENTE-02-300x200.jpg 300w, https:\/\/vocesparalelas.com.ar\/sitio\/wp-content\/uploads\/2021\/09\/CASA-SARMIENTO-FRENTE-02-768x512.jpg 768w\" sizes=\"auto, (max-width: 800px) 100vw, 800px\" \/><\/p>\n","protected":false},"excerpt":{"rendered":"<p>El Museo y Biblioteca Casa Natal de Sarmiento invita a participar en el marco del Ciclo \u00abEntramadas\u00bb, el Lunes, 14<\/p>\n","protected":false},"author":3,"featured_media":12643,"comment_status":"closed","ping_status":"closed","sticky":false,"template":"","format":"standard","meta":{"_acf_changed":false,"_seopress_robots_primary_cat":"none","_seopress_titles_title":"","_seopress_titles_desc":"","_seopress_robots_index":"","colormag_page_container_layout":"default_layout","colormag_page_sidebar_layout":"default_layout","footnotes":""},"categories":[20],"tags":[],"class_list":["post-47007","post","type-post","status-publish","format-standard","has-post-thumbnail","hentry","category-cartelera"],"acf":[],"_links":{"self":[{"href":"https:\/\/vocesparalelas.com.ar\/sitio\/wp-json\/wp\/v2\/posts\/47007","targetHints":{"allow":["GET"]}}],"collection":[{"href":"https:\/\/vocesparalelas.com.ar\/sitio\/wp-json\/wp\/v2\/posts"}],"about":[{"href":"https:\/\/vocesparalelas.com.ar\/sitio\/wp-json\/wp\/v2\/types\/post"}],"author":[{"embeddable":true,"href":"https:\/\/vocesparalelas.com.ar\/sitio\/wp-json\/wp\/v2\/users\/3"}],"replies":[{"embeddable":true,"href":"https:\/\/vocesparalelas.com.ar\/sitio\/wp-json\/wp\/v2\/comments?post=47007"}],"version-history":[{"count":1,"href":"https:\/\/vocesparalelas.com.ar\/sitio\/wp-json\/wp\/v2\/posts\/47007\/revisions"}],"predecessor-version":[{"id":47009,"href":"https:\/\/vocesparalelas.com.ar\/sitio\/wp-json\/wp\/v2\/posts\/47007\/revisions\/47009"}],"wp:featuredmedia":[{"embeddable":true,"href":"https:\/\/vocesparalelas.com.ar\/sitio\/wp-json\/wp\/v2\/media\/12643"}],"wp:attachment":[{"href":"https:\/\/vocesparalelas.com.ar\/sitio\/wp-json\/wp\/v2\/media?parent=47007"}],"wp:term":[{"taxonomy":"category","embeddable":true,"href":"https:\/\/vocesparalelas.com.ar\/sitio\/wp-json\/wp\/v2\/categories?post=47007"},{"taxonomy":"post_tag","embeddable":true,"href":"https:\/\/vocesparalelas.com.ar\/sitio\/wp-json\/wp\/v2\/tags?post=47007"}],"curies":[{"name":"wp","href":"https:\/\/api.w.org\/{rel}","templated":true}]}}