{"id":46997,"date":"2022-03-12T11:18:52","date_gmt":"2022-03-12T14:18:52","guid":{"rendered":"https:\/\/vocesparalelas.com.ar\/sitio\/?p=46997"},"modified":"2022-03-12T11:18:52","modified_gmt":"2022-03-12T14:18:52","slug":"hacia-el-proyecto-del-tunel-de-agua-negra-el-sueno-de-dos-paises-argentina-y-chile","status":"publish","type":"post","link":"https:\/\/vocesparalelas.com.ar\/sitio\/hacia-el-proyecto-del-tunel-de-agua-negra-el-sueno-de-dos-paises-argentina-y-chile\/","title":{"rendered":"Hacia el Proyecto del T\u00fanel de Agua Negra el sue\u00f1o de dos pa\u00edses Argentina y Chile"},"content":{"rendered":"<p>El gobernador de San Juan, Dr. Sergio U\u00f1ac, se reuni\u00f3 el Viernes, 11 de Marzo de 2022, con el nuevo ministro de Obras P\u00fablicas de Chile, Arq. Juan Carlos Garc\u00eda, quien fue puesto en funciones en la jornada tras la asunci\u00f3n presidencial de Gabriel Boric en un acto que se desarroll\u00f3 en Vi\u00f1a del Mar.<\/p>\n<p>El mandatario de San Juan estuvo acompa\u00f1ado por el secretario de Asuntos Estrat\u00e9gicos de la Naci\u00f3n, Dr. Gustavo B\u00e9liz y el secretario general de la Presidencia, Dr. Julio Vitobello.<\/p>\n<p>Durante el encuentro, que tuvo como objetivo estrechar las relaciones bilaterales con la nueva gesti\u00f3n, el gobernador U\u00f1ac poner al ministro Garc\u00eda al tanto del proyecto del T\u00fanel de Agua Negra, como as\u00ed tambi\u00e9n sobre la intenci\u00f3n de avanzar en la pavimentaci\u00f3n del Paso por Agua Negra.<\/p>\n<p>El ministro Juan Carlos Garc\u00eda es arquitecto, mag\u00edster y m\u00e1ster en Gesti\u00f3n Urbana. Se desempe\u00f1\u00f3 al frente del Centro Interdisciplinario de Neurociencia de la Universidad de Valpara\u00edso y fue director Regional de Arquitectura de Valpara\u00edso.<\/p>\n<p>Cabe recordar que el mandatario sanjuanino integra la comitiva oficial argentina liderada por el presidente Alberto Fern\u00e1ndez que particip\u00f3 en la ceremonia de traspaso de mando y asunci\u00f3n del nuevo presidente de Chile, Gabriel Boric Font, quien sucedi\u00f3 a Sebasti\u00e1n Pi\u00f1era como primer mandatario.<\/p>\n<p><img loading=\"lazy\" decoding=\"async\" class=\"alignnone size-large wp-image-14387\" src=\"https:\/\/vocesparalelas.com.ar\/sitio\/wp-content\/uploads\/2018\/08\/BANDERA-ARGENTINA-CHILE-800x518.jpg\" alt=\"\" width=\"800\" height=\"518\" srcset=\"https:\/\/vocesparalelas.com.ar\/sitio\/wp-content\/uploads\/2018\/08\/BANDERA-ARGENTINA-CHILE-800x518.jpg 800w, https:\/\/vocesparalelas.com.ar\/sitio\/wp-content\/uploads\/2018\/08\/BANDERA-ARGENTINA-CHILE-300x194.jpg 300w, https:\/\/vocesparalelas.com.ar\/sitio\/wp-content\/uploads\/2018\/08\/BANDERA-ARGENTINA-CHILE-768x497.jpg 768w, https:\/\/vocesparalelas.com.ar\/sitio\/wp-content\/uploads\/2018\/08\/BANDERA-ARGENTINA-CHILE.jpg 1000w\" sizes=\"auto, (max-width: 800px) 100vw, 800px\" \/><\/p>\n","protected":false},"excerpt":{"rendered":"<p>El gobernador de San Juan, Dr. Sergio U\u00f1ac, se reuni\u00f3 el Viernes, 11 de Marzo de 2022, con el nuevo<\/p>\n","protected":false},"author":3,"featured_media":46999,"comment_status":"closed","ping_status":"closed","sticky":false,"template":"","format":"standard","meta":{"_acf_changed":false,"_seopress_robots_primary_cat":"none","_seopress_titles_title":"","_seopress_titles_desc":"","_seopress_robots_index":"","colormag_page_container_layout":"default_layout","colormag_page_sidebar_layout":"default_layout","footnotes":""},"categories":[1],"tags":[],"class_list":["post-46997","post","type-post","status-publish","format-standard","has-post-thumbnail","hentry","category-destacadas"],"acf":[],"_links":{"self":[{"href":"https:\/\/vocesparalelas.com.ar\/sitio\/wp-json\/wp\/v2\/posts\/46997","targetHints":{"allow":["GET"]}}],"collection":[{"href":"https:\/\/vocesparalelas.com.ar\/sitio\/wp-json\/wp\/v2\/posts"}],"about":[{"href":"https:\/\/vocesparalelas.com.ar\/sitio\/wp-json\/wp\/v2\/types\/post"}],"author":[{"embeddable":true,"href":"https:\/\/vocesparalelas.com.ar\/sitio\/wp-json\/wp\/v2\/users\/3"}],"replies":[{"embeddable":true,"href":"https:\/\/vocesparalelas.com.ar\/sitio\/wp-json\/wp\/v2\/comments?post=46997"}],"version-history":[{"count":1,"href":"https:\/\/vocesparalelas.com.ar\/sitio\/wp-json\/wp\/v2\/posts\/46997\/revisions"}],"predecessor-version":[{"id":47000,"href":"https:\/\/vocesparalelas.com.ar\/sitio\/wp-json\/wp\/v2\/posts\/46997\/revisions\/47000"}],"wp:featuredmedia":[{"embeddable":true,"href":"https:\/\/vocesparalelas.com.ar\/sitio\/wp-json\/wp\/v2\/media\/46999"}],"wp:attachment":[{"href":"https:\/\/vocesparalelas.com.ar\/sitio\/wp-json\/wp\/v2\/media?parent=46997"}],"wp:term":[{"taxonomy":"category","embeddable":true,"href":"https:\/\/vocesparalelas.com.ar\/sitio\/wp-json\/wp\/v2\/categories?post=46997"},{"taxonomy":"post_tag","embeddable":true,"href":"https:\/\/vocesparalelas.com.ar\/sitio\/wp-json\/wp\/v2\/tags?post=46997"}],"curies":[{"name":"wp","href":"https:\/\/api.w.org\/{rel}","templated":true}]}}