{"id":46903,"date":"2022-03-09T22:27:23","date_gmt":"2022-03-10T01:27:23","guid":{"rendered":"https:\/\/vocesparalelas.com.ar\/sitio\/?p=46903"},"modified":"2022-03-11T01:20:33","modified_gmt":"2022-03-11T04:20:33","slug":"inscripcion-de-tutores-para-el-nivel-tecnico-de-san-juan","status":"publish","type":"post","link":"https:\/\/vocesparalelas.com.ar\/sitio\/inscripcion-de-tutores-para-el-nivel-tecnico-de-san-juan\/","title":{"rendered":"Inscripci\u00f3n de tutores para el Nivel T\u00e9cnico de San Juan"},"content":{"rendered":"<p>La Direcci\u00f3n de Educaci\u00f3n T\u00e9cnica y Formaci\u00f3n Profesional del Ministerio de Educaci\u00f3n del Gobierno de San Juan convoca a profesores a inscribirse para desempe\u00f1arse como tutores del Programa de Apoyo y Acompa\u00f1amiento de los Procesos de Aprendizaje y FinEsTec en los siguientes espacios curriculares:<\/p>\n<ul>\n<li>Matem\u00e1tica<\/li>\n<li>Lengua<\/li>\n<li>Ingl\u00e9s<\/li>\n<li>F\u00edsica<\/li>\n<li>Qu\u00edmica<\/li>\n<li>Geograf\u00eda<\/li>\n<li>Historia<\/li>\n<li>M\u00fasica<\/li>\n<li>Educaci\u00f3n F\u00edsica<\/li>\n<li>Formaci\u00f3n \u00c9tica y Ciudadana<\/li>\n<\/ul>\n<p>Para el campo de la Formaci\u00f3n T\u00e9cnica Espec\u00edfica, se convoca a profesionales con t\u00edtulos en las siguientes especialidades:<\/p>\n<ul>\n<li>Maestro mayor de obras<\/li>\n<li>Inform\u00e1tica profesional y personal<\/li>\n<li>Miner\u00eda<\/li>\n<li>Equipos e instalaciones electromec\u00e1nicas<\/li>\n<li>Automotores<\/li>\n<li>Electr\u00f3nica<\/li>\n<li>Gesti\u00f3n y administraci\u00f3n de las organizaciones<\/li>\n<li>Qu\u00edmico<\/li>\n<li>Hidr\u00e1ulica<\/li>\n<li>Energ\u00edas renovables<\/li>\n<li>Tecnolog\u00eda de los alimentos<\/li>\n<li>Producci\u00f3n agropecuaria<\/li>\n<\/ul>\n<p>Los interesados deben presentarse del 8 al 18 de Marzo en el Centro C\u00edvico, 2\u00b0 piso, N\u00facleo 4, en la Direcci\u00f3n de Educaci\u00f3n T\u00e9cnica y Formaci\u00f3n Profesional en horario de 14 a 17 hs, con la siguiente documentaci\u00f3n:<\/p>\n<ul>\n<li>Fotocopia del DNI cara y reverso legalizada.<\/li>\n<li>Curriculum Vitae abreviado.<\/li>\n<li>Fotocopia del t\u00edtulo o anal\u00edtico legalizada.<\/li>\n<\/ul>\n<p>Por consultas pueden comunicarse de 14 a 17 horas al 4305291.<\/p>\n","protected":false},"excerpt":{"rendered":"<p>La Direcci\u00f3n de Educaci\u00f3n T\u00e9cnica y Formaci\u00f3n Profesional del Ministerio de Educaci\u00f3n del Gobierno de San Juan convoca a profesores<\/p>\n","protected":false},"author":3,"featured_media":13459,"comment_status":"closed","ping_status":"closed","sticky":false,"template":"","format":"standard","meta":{"_acf_changed":false,"_seopress_robots_primary_cat":"none","_seopress_titles_title":"","_seopress_titles_desc":"","_seopress_robots_index":"","colormag_page_container_layout":"default_layout","colormag_page_sidebar_layout":"default_layout","footnotes":""},"categories":[5],"tags":[],"class_list":["post-46903","post","type-post","status-publish","format-standard","has-post-thumbnail","hentry","category-ofrecimientos"],"acf":[],"_links":{"self":[{"href":"https:\/\/vocesparalelas.com.ar\/sitio\/wp-json\/wp\/v2\/posts\/46903","targetHints":{"allow":["GET"]}}],"collection":[{"href":"https:\/\/vocesparalelas.com.ar\/sitio\/wp-json\/wp\/v2\/posts"}],"about":[{"href":"https:\/\/vocesparalelas.com.ar\/sitio\/wp-json\/wp\/v2\/types\/post"}],"author":[{"embeddable":true,"href":"https:\/\/vocesparalelas.com.ar\/sitio\/wp-json\/wp\/v2\/users\/3"}],"replies":[{"embeddable":true,"href":"https:\/\/vocesparalelas.com.ar\/sitio\/wp-json\/wp\/v2\/comments?post=46903"}],"version-history":[{"count":1,"href":"https:\/\/vocesparalelas.com.ar\/sitio\/wp-json\/wp\/v2\/posts\/46903\/revisions"}],"predecessor-version":[{"id":46905,"href":"https:\/\/vocesparalelas.com.ar\/sitio\/wp-json\/wp\/v2\/posts\/46903\/revisions\/46905"}],"wp:featuredmedia":[{"embeddable":true,"href":"https:\/\/vocesparalelas.com.ar\/sitio\/wp-json\/wp\/v2\/media\/13459"}],"wp:attachment":[{"href":"https:\/\/vocesparalelas.com.ar\/sitio\/wp-json\/wp\/v2\/media?parent=46903"}],"wp:term":[{"taxonomy":"category","embeddable":true,"href":"https:\/\/vocesparalelas.com.ar\/sitio\/wp-json\/wp\/v2\/categories?post=46903"},{"taxonomy":"post_tag","embeddable":true,"href":"https:\/\/vocesparalelas.com.ar\/sitio\/wp-json\/wp\/v2\/tags?post=46903"}],"curies":[{"name":"wp","href":"https:\/\/api.w.org\/{rel}","templated":true}]}}