{"id":46850,"date":"2022-03-07T23:30:49","date_gmt":"2022-03-08T02:30:49","guid":{"rendered":"https:\/\/vocesparalelas.com.ar\/sitio\/?p=46850"},"modified":"2022-03-07T23:30:49","modified_gmt":"2022-03-08T02:30:49","slug":"reunion-con-representantes-de-a-pe-l-de-san-juan","status":"publish","type":"post","link":"https:\/\/vocesparalelas.com.ar\/sitio\/reunion-con-representantes-de-a-pe-l-de-san-juan\/","title":{"rendered":"Reuni\u00f3n con representantes de A.Pe.L. de San Juan"},"content":{"rendered":"<div class=\"itemFullText jbintrotext\">\n<p>el vicegobernador y presidente nato de la C\u00e1mara de Diputados de San Juan, CPN Roberto Gattoni mantuvo una reuni\u00f3n con los miembros de la Comisi\u00f3n Directiva de la Asociaci\u00f3n del Personal Legislativo (A.Pe.L.) para dialogar sobre las paritarias 2022.<\/p>\n<\/div>\n<div class=\"itemFullText\">\n<p>La cita fue cumplida en la sala de situaci\u00f3n de presidencia de la C\u00e1mara de Diputados. Particip\u00f3 el secretario General de A.Pe.L. Sergio Peralta y los secretarios Gremial, Milenko Garc\u00eda y\u00a0 de Prensa y Cultura, Federico Cortez; el tesorero, Carlos Garc\u00eda; el primer vocal, Gabriel M\u00e1rquez; tercer vocal, Juan Pablo Luna; la primera vocal suplente, Gisella Vidable; segundo vocal suplente, Facundo Rojas. De la Comisi\u00f3n Revisora de Cuentas asisti\u00f3 la segunda titular, Sandra L\u00f3pez.<\/p>\n<p>En la ocasi\u00f3n, el titular del Poder Legislativo manifest\u00f3 su apertura y predisposici\u00f3n para dialogar sobre las diversas inquietudes que la Comisi\u00f3n recepciona de los empleados legislativos.<\/p>\n<\/div>\n<p><img loading=\"lazy\" decoding=\"async\" class=\"alignnone size-large wp-image-24189\" src=\"https:\/\/vocesparalelas.com.ar\/sitio\/wp-content\/uploads\/2019\/10\/CAMARA-SAN-JUAN-800x600.jpg\" alt=\"\" width=\"800\" height=\"600\" srcset=\"https:\/\/vocesparalelas.com.ar\/sitio\/wp-content\/uploads\/2019\/10\/CAMARA-SAN-JUAN.jpg 800w, https:\/\/vocesparalelas.com.ar\/sitio\/wp-content\/uploads\/2019\/10\/CAMARA-SAN-JUAN-300x225.jpg 300w, https:\/\/vocesparalelas.com.ar\/sitio\/wp-content\/uploads\/2019\/10\/CAMARA-SAN-JUAN-768x576.jpg 768w\" sizes=\"auto, (max-width: 800px) 100vw, 800px\" \/><\/p>\n","protected":false},"excerpt":{"rendered":"<p>el vicegobernador y presidente nato de la C\u00e1mara de Diputados de San Juan, CPN Roberto Gattoni mantuvo una reuni\u00f3n con<\/p>\n","protected":false},"author":3,"featured_media":46852,"comment_status":"closed","ping_status":"closed","sticky":false,"template":"","format":"standard","meta":{"_acf_changed":false,"_seopress_robots_primary_cat":"none","_seopress_titles_title":"","_seopress_titles_desc":"","_seopress_robots_index":"","colormag_page_container_layout":"default_layout","colormag_page_sidebar_layout":"default_layout","footnotes":""},"categories":[1],"tags":[],"class_list":["post-46850","post","type-post","status-publish","format-standard","has-post-thumbnail","hentry","category-destacadas"],"acf":[],"_links":{"self":[{"href":"https:\/\/vocesparalelas.com.ar\/sitio\/wp-json\/wp\/v2\/posts\/46850","targetHints":{"allow":["GET"]}}],"collection":[{"href":"https:\/\/vocesparalelas.com.ar\/sitio\/wp-json\/wp\/v2\/posts"}],"about":[{"href":"https:\/\/vocesparalelas.com.ar\/sitio\/wp-json\/wp\/v2\/types\/post"}],"author":[{"embeddable":true,"href":"https:\/\/vocesparalelas.com.ar\/sitio\/wp-json\/wp\/v2\/users\/3"}],"replies":[{"embeddable":true,"href":"https:\/\/vocesparalelas.com.ar\/sitio\/wp-json\/wp\/v2\/comments?post=46850"}],"version-history":[{"count":1,"href":"https:\/\/vocesparalelas.com.ar\/sitio\/wp-json\/wp\/v2\/posts\/46850\/revisions"}],"predecessor-version":[{"id":46853,"href":"https:\/\/vocesparalelas.com.ar\/sitio\/wp-json\/wp\/v2\/posts\/46850\/revisions\/46853"}],"wp:featuredmedia":[{"embeddable":true,"href":"https:\/\/vocesparalelas.com.ar\/sitio\/wp-json\/wp\/v2\/media\/46852"}],"wp:attachment":[{"href":"https:\/\/vocesparalelas.com.ar\/sitio\/wp-json\/wp\/v2\/media?parent=46850"}],"wp:term":[{"taxonomy":"category","embeddable":true,"href":"https:\/\/vocesparalelas.com.ar\/sitio\/wp-json\/wp\/v2\/categories?post=46850"},{"taxonomy":"post_tag","embeddable":true,"href":"https:\/\/vocesparalelas.com.ar\/sitio\/wp-json\/wp\/v2\/tags?post=46850"}],"curies":[{"name":"wp","href":"https:\/\/api.w.org\/{rel}","templated":true}]}}