{"id":46847,"date":"2022-03-07T22:49:32","date_gmt":"2022-03-08T01:49:32","guid":{"rendered":"https:\/\/vocesparalelas.com.ar\/sitio\/?p=46847"},"modified":"2022-03-09T00:59:14","modified_gmt":"2022-03-09T03:59:14","slug":"foro-ambiente-genero-y-cambio-climatico-en-san-juan","status":"publish","type":"post","link":"https:\/\/vocesparalelas.com.ar\/sitio\/foro-ambiente-genero-y-cambio-climatico-en-san-juan\/","title":{"rendered":"Foro \u00abambiente, g\u00e9nero y cambio clim\u00e1tico\u00bb\u00a0en San Juan"},"content":{"rendered":"<p>El rol de las mujeres en la gesti\u00f3n p\u00fablica, en general y ambiental, en particular acompa\u00f1a un proceso de transformaci\u00f3n de gran escala que incluye a toda la sociedad. G\u00e9nero y ambiente son dos ejes centrales para pensar el futuro desde una serie de procesos, movimientos y transformaciones que atraviesan nuestro presente.<\/p>\n<p>En ese marco, el Gobierno de San Juan, a trav\u00e9s de la Secretar\u00eda de Estado de Ambiente y Desarrollo Sustentable, realiza el Viernes, 11 de Marzo, a las 9:30 hs.; en el auditorio Eloy Camus del Centro C\u00edvico, se desarrolla el foro \u00abambiente, g\u00e9nero y cambio clim\u00e1tico\u00bb.<\/p>\n<p>Organizado por la Direcci\u00f3n de Educaci\u00f3n Ambiental, participan tambi\u00e9n los equipos de la Direcci\u00f3n de la Mujer del Ministerio de Desarrollo Humano y Promoci\u00f3n Social y del Ministerio de Ambiente y Desarrollo Sostenible de la Naci\u00f3n.<\/p>\n<p>El Foro est\u00e1 abierto y gratuito, y apunta a una mayor igualdad de g\u00e9nero en pos de continuar generando oportunidades y conocer las limitaciones con las que se encuentran en su d\u00eda a d\u00eda. Ser conscientes de estos puntos permitir\u00e1 que puedan alzar su voz y continuar luchando por igualdad en los distintos \u00e1mbitos y en la toma de decisiones relacionadas con el cambio clim\u00e1tico.<\/p>\n<p>El encuentro es el puntapi\u00e9 inicial de un a\u00f1o signado por charlas, talleres y capacitaciones a diferentes sectores de la sociedad para tomar conciencia y difundir la necesidad de un compromiso frente al cambio clim\u00e1tico.<\/p>\n<p>Entre los temas que ser\u00e1n abordados, se pueden contar \u00abAmbiente, G\u00e9nero y Cambio Clim\u00e1tico\u00bb, \u00abAcciones de la Direcci\u00f3n de Educaci\u00f3n Ambiental\u00bb, \u00abEl trabajo de la Direcci\u00f3n de las Mujeres, G\u00e9neros y Diversidad de la Provincia de San Juan\u00bb; las leyes Micaela y Yolanda.<\/p>\n<p>Margarita Abapillo, t\u00e9cnica del Ministerio de Ambiente de la Naci\u00f3n, es la principal expositora para introducir a los asistentes en la importancia y ligaz\u00f3n existente en ambiente y g\u00e9nero.<\/p>\n","protected":false},"excerpt":{"rendered":"<p>El rol de las mujeres en la gesti\u00f3n p\u00fablica, en general y ambiental, en particular acompa\u00f1a un proceso de transformaci\u00f3n<\/p>\n","protected":false},"author":3,"featured_media":18373,"comment_status":"closed","ping_status":"closed","sticky":false,"template":"","format":"standard","meta":{"_acf_changed":false,"_seopress_robots_primary_cat":"none","_seopress_titles_title":"","_seopress_titles_desc":"","_seopress_robots_index":"","colormag_page_container_layout":"default_layout","colormag_page_sidebar_layout":"default_layout","footnotes":""},"categories":[9],"tags":[],"class_list":["post-46847","post","type-post","status-publish","format-standard","has-post-thumbnail","hentry","category-cursos"],"acf":[],"_links":{"self":[{"href":"https:\/\/vocesparalelas.com.ar\/sitio\/wp-json\/wp\/v2\/posts\/46847","targetHints":{"allow":["GET"]}}],"collection":[{"href":"https:\/\/vocesparalelas.com.ar\/sitio\/wp-json\/wp\/v2\/posts"}],"about":[{"href":"https:\/\/vocesparalelas.com.ar\/sitio\/wp-json\/wp\/v2\/types\/post"}],"author":[{"embeddable":true,"href":"https:\/\/vocesparalelas.com.ar\/sitio\/wp-json\/wp\/v2\/users\/3"}],"replies":[{"embeddable":true,"href":"https:\/\/vocesparalelas.com.ar\/sitio\/wp-json\/wp\/v2\/comments?post=46847"}],"version-history":[{"count":1,"href":"https:\/\/vocesparalelas.com.ar\/sitio\/wp-json\/wp\/v2\/posts\/46847\/revisions"}],"predecessor-version":[{"id":46849,"href":"https:\/\/vocesparalelas.com.ar\/sitio\/wp-json\/wp\/v2\/posts\/46847\/revisions\/46849"}],"wp:featuredmedia":[{"embeddable":true,"href":"https:\/\/vocesparalelas.com.ar\/sitio\/wp-json\/wp\/v2\/media\/18373"}],"wp:attachment":[{"href":"https:\/\/vocesparalelas.com.ar\/sitio\/wp-json\/wp\/v2\/media?parent=46847"}],"wp:term":[{"taxonomy":"category","embeddable":true,"href":"https:\/\/vocesparalelas.com.ar\/sitio\/wp-json\/wp\/v2\/categories?post=46847"},{"taxonomy":"post_tag","embeddable":true,"href":"https:\/\/vocesparalelas.com.ar\/sitio\/wp-json\/wp\/v2\/tags?post=46847"}],"curies":[{"name":"wp","href":"https:\/\/api.w.org\/{rel}","templated":true}]}}