{"id":46835,"date":"2022-03-07T21:32:03","date_gmt":"2022-03-08T00:32:03","guid":{"rendered":"https:\/\/vocesparalelas.com.ar\/sitio\/?p=46835"},"modified":"2022-03-09T00:11:45","modified_gmt":"2022-03-09T03:11:45","slug":"san-juan-sede-del-primer-congreso-argentino-de-microfinanzas","status":"publish","type":"post","link":"https:\/\/vocesparalelas.com.ar\/sitio\/san-juan-sede-del-primer-congreso-argentino-de-microfinanzas\/","title":{"rendered":"San Juan sede del primer Congreso Argentino de Microfinanzas"},"content":{"rendered":"<p>El gobernador de San Juan, Dr. Sergio U\u00f1ac recibi\u00f3 en la Sala Eloy Camus de Casa de Gobierno al titular del Fondo Nacional de Capital Social (Foncap), Economista Mateo Bartolini, para terminar de definir los lineamientos de lo que es el primer Congreso Argentino de Microfinanzas donde San Juan es sede los primeros d\u00edas de Abril de 2022.<\/p>\n<p>Al finalizar la reuni\u00f3n, el titular del Foncap expilc\u00f3 que\u00a0dialogaron con\u00a0el gobernador sobre \u00abc\u00f3mo posicionar a la provincia en el tema microfinanzas y promocionar este primer encuentro argentino de microfinanzas al que podr\u00e1n asistir referentes de distintos fondos de inversi\u00f3n extranjeros que funcionan en todo el mundo financiando microcr\u00e9ditos, como as\u00ed tambi\u00e9n instituciones argentinas que est\u00e9n interesadas en debatir el futuro de los microcr\u00e9ditos en Argentina\u201d.<\/p>\n<p>Sobre la modalidad del Congreso de Microfinanzas, Bartolini mencion\u00f3 que \u201cser\u00e1 presencial pero tambi\u00e9n se transmitir\u00e1 por streaming para todas aquellas personas que lo quieran seguir desde su celular o desde sus casas. Es un evento abierto a todo p\u00fablico pero tiene prioridad aquellas personas que tengan a cargo una instituciones de microfinanzas\u201d.<\/p>\n<p>Tambi\u00e9n, estuvieron presentes en la reuni\u00f3n Alejo Krasnopol, jefe de gabinete de Foncap; Luis Rueda, subsecretario de la Unidad Gobernaci\u00f3n y Matias Sotomayor, asesor de la Gobernaci\u00f3n de San Juan.<\/p>\n","protected":false},"excerpt":{"rendered":"<p>El gobernador de San Juan, Dr. Sergio U\u00f1ac recibi\u00f3 en la Sala Eloy Camus de Casa de Gobierno al titular<\/p>\n","protected":false},"author":3,"featured_media":46837,"comment_status":"closed","ping_status":"closed","sticky":false,"template":"","format":"standard","meta":{"_acf_changed":false,"_seopress_robots_primary_cat":"none","_seopress_titles_title":"","_seopress_titles_desc":"","_seopress_robots_index":"","colormag_page_container_layout":"default_layout","colormag_page_sidebar_layout":"default_layout","footnotes":""},"categories":[9],"tags":[],"class_list":["post-46835","post","type-post","status-publish","format-standard","has-post-thumbnail","hentry","category-cursos"],"acf":[],"_links":{"self":[{"href":"https:\/\/vocesparalelas.com.ar\/sitio\/wp-json\/wp\/v2\/posts\/46835","targetHints":{"allow":["GET"]}}],"collection":[{"href":"https:\/\/vocesparalelas.com.ar\/sitio\/wp-json\/wp\/v2\/posts"}],"about":[{"href":"https:\/\/vocesparalelas.com.ar\/sitio\/wp-json\/wp\/v2\/types\/post"}],"author":[{"embeddable":true,"href":"https:\/\/vocesparalelas.com.ar\/sitio\/wp-json\/wp\/v2\/users\/3"}],"replies":[{"embeddable":true,"href":"https:\/\/vocesparalelas.com.ar\/sitio\/wp-json\/wp\/v2\/comments?post=46835"}],"version-history":[{"count":1,"href":"https:\/\/vocesparalelas.com.ar\/sitio\/wp-json\/wp\/v2\/posts\/46835\/revisions"}],"predecessor-version":[{"id":46838,"href":"https:\/\/vocesparalelas.com.ar\/sitio\/wp-json\/wp\/v2\/posts\/46835\/revisions\/46838"}],"wp:featuredmedia":[{"embeddable":true,"href":"https:\/\/vocesparalelas.com.ar\/sitio\/wp-json\/wp\/v2\/media\/46837"}],"wp:attachment":[{"href":"https:\/\/vocesparalelas.com.ar\/sitio\/wp-json\/wp\/v2\/media?parent=46835"}],"wp:term":[{"taxonomy":"category","embeddable":true,"href":"https:\/\/vocesparalelas.com.ar\/sitio\/wp-json\/wp\/v2\/categories?post=46835"},{"taxonomy":"post_tag","embeddable":true,"href":"https:\/\/vocesparalelas.com.ar\/sitio\/wp-json\/wp\/v2\/tags?post=46835"}],"curies":[{"name":"wp","href":"https:\/\/api.w.org\/{rel}","templated":true}]}}