{"id":46817,"date":"2022-03-06T12:08:52","date_gmt":"2022-03-06T15:08:52","guid":{"rendered":"https:\/\/vocesparalelas.com.ar\/sitio\/?p=46817"},"modified":"2022-03-30T01:16:56","modified_gmt":"2022-03-30T04:16:56","slug":"concurso-fotografico-para-estudiantes-que-participaron-del-programa-de-movilidad-estudiantil-de-la-unsj","status":"publish","type":"post","link":"https:\/\/vocesparalelas.com.ar\/sitio\/concurso-fotografico-para-estudiantes-que-participaron-del-programa-de-movilidad-estudiantil-de-la-unsj\/","title":{"rendered":"Concurso fotogr\u00e1fico para estudiantes que participaron del Programa de Movilidad Estudiantil de la UNSJ"},"content":{"rendered":"<p>La Secretar\u00eda de Posgrado y Relaciones Internacionales de la Universidad Nacional de San Juan lanz\u00f3 un concurso para estudiantes que viajaron con una beca a otro pa\u00eds.<\/p>\n<p>Para participar hay que enviar una foto al mail<\/p>\n<p><a href=\"sepriunsj.comunicacion@gmail.com\">sepriunsj.comunicacion@gmail.com<\/a><\/p>\n<p>en la que se vea el estudiante que realiz\u00f3 la Movilidad en el lugar al que viaj\u00f3 o s\u00f3lo el paisaje. Colocar en el mail el nombre y pa\u00eds en el que se realiz\u00f3 la movilidad. En el Asunto del mail colocar: \u00abConcurso de foto\u00bb.<\/p>\n<p>Las fotos m\u00e1s votadas por redes sociales y con la decisi\u00f3n de un jurado son premiadas. Hay tiempo hasta el 13 de Marzo de 2022.<\/p>\n<p><strong>Premios<\/strong><\/p>\n<ul>\n<li>1\u00b0 una tablet<\/li>\n<li>2\u00b0 una mochila para tu notebook\u00a0 y<\/li>\n<li>3\u00b0\u00a0una funda de notebook y un mouse.<\/li>\n<\/ul>\n<p>Para ver las fotos, seguir a la SEPRI en las redes y votar con un\u00a0<em>Like\u00a0<\/em>la que m\u00e1s guste.<\/p>\n<p>Facebook: @sepriunsj<\/p>\n<p>Instagram: @sepriunsj<\/p>\n<p>&nbsp;<\/p>\n<p><img loading=\"lazy\" decoding=\"async\" class=\"alignnone size-full wp-image-37900\" src=\"https:\/\/vocesparalelas.com.ar\/sitio\/wp-content\/uploads\/2021\/05\/UNSJ-LOGOTIPO-01.jpg\" alt=\"\" width=\"800\" height=\"533\" srcset=\"https:\/\/vocesparalelas.com.ar\/sitio\/wp-content\/uploads\/2021\/05\/UNSJ-LOGOTIPO-01.jpg 800w, https:\/\/vocesparalelas.com.ar\/sitio\/wp-content\/uploads\/2021\/05\/UNSJ-LOGOTIPO-01-300x200.jpg 300w, https:\/\/vocesparalelas.com.ar\/sitio\/wp-content\/uploads\/2021\/05\/UNSJ-LOGOTIPO-01-768x512.jpg 768w\" sizes=\"auto, (max-width: 800px) 100vw, 800px\" \/><\/p>\n","protected":false},"excerpt":{"rendered":"<p>La Secretar\u00eda de Posgrado y Relaciones Internacionales de la Universidad Nacional de San Juan lanz\u00f3 un concurso para estudiantes que<\/p>\n","protected":false},"author":3,"featured_media":3680,"comment_status":"closed","ping_status":"closed","sticky":false,"template":"","format":"standard","meta":{"_acf_changed":false,"_seopress_robots_primary_cat":"none","_seopress_titles_title":"","_seopress_titles_desc":"","_seopress_robots_index":"","colormag_page_container_layout":"default_layout","colormag_page_sidebar_layout":"default_layout","footnotes":""},"categories":[1],"tags":[],"class_list":["post-46817","post","type-post","status-publish","format-standard","has-post-thumbnail","hentry","category-destacadas"],"acf":[],"_links":{"self":[{"href":"https:\/\/vocesparalelas.com.ar\/sitio\/wp-json\/wp\/v2\/posts\/46817","targetHints":{"allow":["GET"]}}],"collection":[{"href":"https:\/\/vocesparalelas.com.ar\/sitio\/wp-json\/wp\/v2\/posts"}],"about":[{"href":"https:\/\/vocesparalelas.com.ar\/sitio\/wp-json\/wp\/v2\/types\/post"}],"author":[{"embeddable":true,"href":"https:\/\/vocesparalelas.com.ar\/sitio\/wp-json\/wp\/v2\/users\/3"}],"replies":[{"embeddable":true,"href":"https:\/\/vocesparalelas.com.ar\/sitio\/wp-json\/wp\/v2\/comments?post=46817"}],"version-history":[{"count":2,"href":"https:\/\/vocesparalelas.com.ar\/sitio\/wp-json\/wp\/v2\/posts\/46817\/revisions"}],"predecessor-version":[{"id":46820,"href":"https:\/\/vocesparalelas.com.ar\/sitio\/wp-json\/wp\/v2\/posts\/46817\/revisions\/46820"}],"wp:featuredmedia":[{"embeddable":true,"href":"https:\/\/vocesparalelas.com.ar\/sitio\/wp-json\/wp\/v2\/media\/3680"}],"wp:attachment":[{"href":"https:\/\/vocesparalelas.com.ar\/sitio\/wp-json\/wp\/v2\/media?parent=46817"}],"wp:term":[{"taxonomy":"category","embeddable":true,"href":"https:\/\/vocesparalelas.com.ar\/sitio\/wp-json\/wp\/v2\/categories?post=46817"},{"taxonomy":"post_tag","embeddable":true,"href":"https:\/\/vocesparalelas.com.ar\/sitio\/wp-json\/wp\/v2\/tags?post=46817"}],"curies":[{"name":"wp","href":"https:\/\/api.w.org\/{rel}","templated":true}]}}