{"id":46753,"date":"2022-03-04T20:18:52","date_gmt":"2022-03-04T23:18:52","guid":{"rendered":"https:\/\/vocesparalelas.com.ar\/sitio\/?p=46753"},"modified":"2022-03-07T00:48:42","modified_gmt":"2022-03-07T03:48:42","slug":"primer-encuentro-nacional-de-mujeres-mineras-en-san-juan","status":"publish","type":"post","link":"https:\/\/vocesparalelas.com.ar\/sitio\/primer-encuentro-nacional-de-mujeres-mineras-en-san-juan\/","title":{"rendered":"Primer Encuentro Nacional de Mujeres Mineras en San Juan"},"content":{"rendered":"<div class=\"itemFullText jbintrotext\">\n<p>El vicepresidente primero de la C\u00e1mara de Diputados de San Juan, Eduardo Cabello, recibi\u00f3 a una delegaci\u00f3n de representantes de la Red de Mujeres Mineras Latinoamericanas, a quienes les hizo entrega de una copia la resoluci\u00f3n que declara de inter\u00e9s provincial la realizaci\u00f3n del \u201cPrimer Encuentro Nacional de Mujeres Mineras\u201d.<\/p>\n<\/div>\n<div class=\"itemFullText\">\n<p>La cita fue cumplida en la sala de situaci\u00f3n del edificio legislativo y estuvo presente el secretario Legislativo, Dr. Nicol\u00e1s Alvo; las diputadas Dra. Celina Ramella, Dra. Marcela Monti y Dra. Fernanda Paredes.<\/p>\n<p>Desde la Red de Mujeres Mineras Latinoamericanas asisti\u00f3 su presidente, Mar\u00eda Alejandra Araya; la secretaria, Andrea Moral; la primera vocal Silvana Fontiveros; e integrantes de la ONG, Esperanza Ceballos, Soledad Soliveres, y Armando Carrizo.<\/p>\n<p>Durante el encuentro, dialogaron sobre los desaf\u00edos de esta Red que proporciona un espacio de gesti\u00f3n y articulaci\u00f3n, comunicaci\u00f3n y fortalecimiento de capacidades laborales para la inserci\u00f3n de las mujeres en el mercado laboral minero y su cadena de valor. \u00a0Asimismo, agradecieron la entrega de la resoluci\u00f3n que declara de inter\u00e9s el \u201cPrimer Encuentro Nacional de Mujeres Mineras\u201d a realizarse los d\u00edas 9, 10 y 11 de Marzo en San Juan. Cabe destacar que esta actividad contar\u00e1 con talleres, charlas debates y capacitaci\u00f3n en comunicaci\u00f3n, liderazgo, formaci\u00f3n de equipo, coaching, inteligencia emocional, mediaci\u00f3n y negociaci\u00f3n. \u00a0Participar\u00e1n mujeres de todo el pa\u00eds.<\/p>\n<p>Por \u00faltimo, la titular de la Red, Mar\u00eda Alejandra Araya agradeci\u00f3 la predisposici\u00f3n y acompa\u00f1amiento del vicegobernador y el gobernador, y manifest\u00f3 que \u201cnuestra intenci\u00f3n como ONG es trabajar en conjunto con los diputados para legislar todos aquellos vac\u00edos legales que est\u00e1n dentro de la miner\u00eda y que la mujer necesita tenerlos a trav\u00e9s de una ley para que se concreten y se pongan en acci\u00f3n\u201d.<\/p>\n<p><img loading=\"lazy\" decoding=\"async\" class=\"alignnone size-full wp-image-37951\" src=\"https:\/\/vocesparalelas.com.ar\/sitio\/wp-content\/uploads\/2021\/05\/CAMARA-EDIFICIO.jpg\" alt=\"\" width=\"800\" height=\"515\" srcset=\"https:\/\/vocesparalelas.com.ar\/sitio\/wp-content\/uploads\/2021\/05\/CAMARA-EDIFICIO.jpg 800w, https:\/\/vocesparalelas.com.ar\/sitio\/wp-content\/uploads\/2021\/05\/CAMARA-EDIFICIO-300x193.jpg 300w, https:\/\/vocesparalelas.com.ar\/sitio\/wp-content\/uploads\/2021\/05\/CAMARA-EDIFICIO-768x494.jpg 768w\" sizes=\"auto, (max-width: 800px) 100vw, 800px\" \/><\/p>\n<\/div>\n","protected":false},"excerpt":{"rendered":"<p>El vicepresidente primero de la C\u00e1mara de Diputados de San Juan, Eduardo Cabello, recibi\u00f3 a una delegaci\u00f3n de representantes de<\/p>\n","protected":false},"author":3,"featured_media":46755,"comment_status":"closed","ping_status":"closed","sticky":false,"template":"","format":"standard","meta":{"_acf_changed":false,"_seopress_robots_primary_cat":"none","_seopress_titles_title":"","_seopress_titles_desc":"","_seopress_robots_index":"","colormag_page_container_layout":"default_layout","colormag_page_sidebar_layout":"default_layout","footnotes":""},"categories":[6],"tags":[],"class_list":["post-46753","post","type-post","status-publish","format-standard","has-post-thumbnail","hentry","category-eventos"],"acf":[],"_links":{"self":[{"href":"https:\/\/vocesparalelas.com.ar\/sitio\/wp-json\/wp\/v2\/posts\/46753","targetHints":{"allow":["GET"]}}],"collection":[{"href":"https:\/\/vocesparalelas.com.ar\/sitio\/wp-json\/wp\/v2\/posts"}],"about":[{"href":"https:\/\/vocesparalelas.com.ar\/sitio\/wp-json\/wp\/v2\/types\/post"}],"author":[{"embeddable":true,"href":"https:\/\/vocesparalelas.com.ar\/sitio\/wp-json\/wp\/v2\/users\/3"}],"replies":[{"embeddable":true,"href":"https:\/\/vocesparalelas.com.ar\/sitio\/wp-json\/wp\/v2\/comments?post=46753"}],"version-history":[{"count":1,"href":"https:\/\/vocesparalelas.com.ar\/sitio\/wp-json\/wp\/v2\/posts\/46753\/revisions"}],"predecessor-version":[{"id":46756,"href":"https:\/\/vocesparalelas.com.ar\/sitio\/wp-json\/wp\/v2\/posts\/46753\/revisions\/46756"}],"wp:featuredmedia":[{"embeddable":true,"href":"https:\/\/vocesparalelas.com.ar\/sitio\/wp-json\/wp\/v2\/media\/46755"}],"wp:attachment":[{"href":"https:\/\/vocesparalelas.com.ar\/sitio\/wp-json\/wp\/v2\/media?parent=46753"}],"wp:term":[{"taxonomy":"category","embeddable":true,"href":"https:\/\/vocesparalelas.com.ar\/sitio\/wp-json\/wp\/v2\/categories?post=46753"},{"taxonomy":"post_tag","embeddable":true,"href":"https:\/\/vocesparalelas.com.ar\/sitio\/wp-json\/wp\/v2\/tags?post=46753"}],"curies":[{"name":"wp","href":"https:\/\/api.w.org\/{rel}","templated":true}]}}