{"id":46677,"date":"2022-03-01T21:38:32","date_gmt":"2022-03-02T00:38:32","guid":{"rendered":"https:\/\/vocesparalelas.com.ar\/sitio\/?p=46677"},"modified":"2022-03-01T21:38:32","modified_gmt":"2022-03-02T00:38:32","slug":"informe-de-avance-del-digesto-juridico-de-la-municipalidad-de-capital-de-san-juan","status":"publish","type":"post","link":"https:\/\/vocesparalelas.com.ar\/sitio\/informe-de-avance-del-digesto-juridico-de-la-municipalidad-de-capital-de-san-juan\/","title":{"rendered":"Informe de avance del Digesto Jur\u00eddico de la Municipalidad de Capital de San Juan"},"content":{"rendered":"<div class=\"itemFullText jbintrotext\">\n<p>Tras un relevamiento y an\u00e1lisis de m\u00e1s de once mil normas aproximadamente fue presentado el informe de avance para la constituci\u00f3n del Digesto Jur\u00eddico de la Municipalidad de la Capital en el marco de un convenio celebrado con la C\u00e1mara de Diputados a finales del a\u00f1o 2020.<\/p>\n<p>El acto, llevado a cabo en el auditorio Emar Acosta, estuvo encabezado por el secretario Legislativo, Dr. Nicol\u00e1s Alvo, acompa\u00f1ado por el presidente del Concejo Deliberante de la comuna capitalina, Arq. Ariel Palma.<\/p>\n<\/div>\n<div class=\"itemFullText\">\n<p>Asimismo, estuvo presente el secretario Administrativo, Lic. Roberto Iglesias; la diputada titular de la comisi\u00f3n de Justicia y Seguridad del Poder Legislativo, Dra. Celina Ramella; el secretario de Asuntos Legislativos, Dr. Gustavo Velert; el jefe del Digesto Jur\u00eddico, Dr. Milenko Garc\u00eda; concejales de la Municipalidad de la Capital; la coordinadora Digitalizaci\u00f3n de Digestos Externos, Viviana Geretti; y el coordinador de An\u00e1lisis de Digestos Externos, Dr. Nicol\u00e1s Torres.<\/p>\n<p>Cabe se\u00f1alar que el presente informe sirve de memoria del desarrollo de las actividades que la Oficina de Formaci\u00f3n de Digestos Externos de la C\u00e1mara de Diputados de la provincia de San Juan, ha realizado en la labor de generar el anteproyecto de Ordenanza que apruebe el Digesto Jur\u00eddico Municipal de la Capital.<\/p>\n<p>Durante la presentaci\u00f3n el secretario Legislativo expres\u00f3 \u201cse ha hecho un extraordinario trabajo por parte del equipo del Digesto Jur\u00eddico Municipal. Seguramente antes de que finalice el a\u00f1o vamos a estar entreg\u00e1ndoles el anteproyecto terminado para que ustedes puedan revisarlo, sancionarlo y de esa forma darles una herramienta a los vecinos y vecinas de la Ciudad de San Juan para que cuenten con mejor y mayor informaci\u00f3n legislativa\u201d.<\/p>\n<p>\u201cCuando digo que han hecho un trabajo extraordinario creo que me quedo corto porque en noviembre de 2020 firmamos el convenio que dio inicio a las tareas del anteproyecto. Ese a\u00f1o, con una pandemia de por medio y seg\u00fan me contaban los chicos ha sido el digesto que mayor desaf\u00edo les ha tra\u00eddo a ellos y el que mayor volumen de trabajo les ha generado. Han sido m\u00e1s de once mil normas que van desde el a\u00f1o 1983 al 2021, que han sido digitalizadas y analizadas, documental y normativamente. Trabajos que est\u00e1n concluidos en un cien por ciento y en un noventa el de an\u00e1lisis normativo, es por ello que con seguridad que estamos en condiciones de decirles que estamos pr\u00f3ximos a entreg\u00e1rselo\u201d, se\u00f1al\u00f3 el Dr. Nicol\u00e1s Alvo.<\/p>\n<p>Luego, record\u00f3 que \u201ceste trabajo que hace el Digesto Jur\u00eddico es un compromiso que viene hace m\u00e1s de diez a\u00f1os ya que inici\u00f3 en el a\u00f1o 2012. Despu\u00e9s de diez a\u00f1os el equipo sigue trabajando con las mismas ganas y el mismo compromiso de generar y confeccionar este ordenamiento de normas que hace a la transparencia legislativa en las instituciones. El Digesto Jur\u00eddico genera mayor y mejor democracia porque las leyes que se conocen generan participaci\u00f3n ciudadana; generan mayor inclusi\u00f3n; y por sobre todas las cosas, generan seguridad jur\u00eddica. Por eso, quiero poner en valor el trabajo que realiza el equipo del Digesto y tambi\u00e9n poner en valor su trayectoria que nace cuando el intendente Dr. Emilio Baistrocchi era secretario Legislativo y el Dr. Sergio U\u00f1ac vicegobernador, y hoy nuestro vicegobernador, CPN Roberto Gattoni, ocupaba en ese entonces el cargo de secretario Administrativo. Ellos fueron quienes idearon el Digesto Jur\u00eddico que hoy sigue dando muestra del compromiso con el que se trabaja\u201d.<\/p>\n<p>Por su parte, el titular del Concejo Deliberante agradeci\u00f3 la colaboraci\u00f3n, asesoramiento y compromiso de la C\u00e1mara de Diputados para la conformaci\u00f3n del Digesto Municipal y manifest\u00f3 \u201choy todos los concejales acompa\u00f1amos esta decisi\u00f3n de poder llevarlo adelante. Cada normativa, cada situaci\u00f3n que se ha tenido que decidir los concejales hemos estado todos de acuerdo\u201d. Seguidamente inform\u00f3 que la comuna deber\u00e1 crear la oficina de Digesto para dar continuidad a la labor correspondiente del ordenamiento una vez sancionado el digesto.<\/p>\n<p>Acto seguido, el coordinador general del Digesto, Milenko Garc\u00eda junto con la coordinadora Digitalizaci\u00f3n de Digestos Externos, Viviana Geretti; y el coordinador de An\u00e1lisis de Digestos Externos, Nicol\u00e1s Torres, brindaron los detalles de los aspectos t\u00e9cnicos, explicaron la estructura de trabajo, las etapas de los procesos de digitalizaci\u00f3n y an\u00e1lisis normativo.<\/p>\n<p>Durante su exposici\u00f3n, DR. Milenko Garc\u00eda sostuvo que la experiencia recabada en la elaboraci\u00f3n de los Digestos Municipales de Pocito, Rawson, Santa Luc\u00eda, Chimbas, J\u00e1chal, Zonda, Rivadavia y San Mart\u00edn, dan una experticia sumamente desarrollada que permite asumir el desaf\u00edo de elaborar el anteproyecto de aprobaci\u00f3n del Digesto Jur\u00eddico de la Capital de San Juan, con un alt\u00edsimo grado de eficiencia y eficacia. Asimismo, inform\u00f3 de los nuevos objetivos planteados en su \u00e1rea de trabajo como la conformaci\u00f3n de un digesto interno de la C\u00e1mara de Diputados y el digesto de la Municipalidad de Caucete.<\/p>\n<p>Es importante destacar que los beneficios que genera un ordenamiento normativo son la transparencia y seguridad jur\u00eddica; democratiza el acceso a la informaci\u00f3n p\u00fablica; y facilita la tarea de los funcionarios y agentes municipales como el cumplimiento ciudadano.<\/p>\n<p>En este sentido, para cerrar su disertaci\u00f3n, el jefe del Digesto del Poder Legislativo concluy\u00f3 con una frase de Carlos Delpiazzo que dice \u201cla transparencia se asocia a lo que es visible y accesible, a lo que puede ser conocido y comprendido\u2026 se asocia a una carga afectiva ligada a la tranquilidad y serenidad probada por todo aquello que se domina y racionaliza, por oposici\u00f3n a la angustia y perturbaci\u00f3n de lo misterioso y desconocido\u201d.<\/p>\n<\/div>\n","protected":false},"excerpt":{"rendered":"<p>Tras un relevamiento y an\u00e1lisis de m\u00e1s de once mil normas aproximadamente fue presentado el informe de avance para la<\/p>\n","protected":false},"author":3,"featured_media":46679,"comment_status":"closed","ping_status":"closed","sticky":false,"template":"","format":"standard","meta":{"_acf_changed":false,"_seopress_robots_primary_cat":"none","_seopress_titles_title":"","_seopress_titles_desc":"","_seopress_robots_index":"","colormag_page_container_layout":"default_layout","colormag_page_sidebar_layout":"default_layout","footnotes":""},"categories":[1],"tags":[],"class_list":["post-46677","post","type-post","status-publish","format-standard","has-post-thumbnail","hentry","category-destacadas"],"acf":[],"_links":{"self":[{"href":"https:\/\/vocesparalelas.com.ar\/sitio\/wp-json\/wp\/v2\/posts\/46677","targetHints":{"allow":["GET"]}}],"collection":[{"href":"https:\/\/vocesparalelas.com.ar\/sitio\/wp-json\/wp\/v2\/posts"}],"about":[{"href":"https:\/\/vocesparalelas.com.ar\/sitio\/wp-json\/wp\/v2\/types\/post"}],"author":[{"embeddable":true,"href":"https:\/\/vocesparalelas.com.ar\/sitio\/wp-json\/wp\/v2\/users\/3"}],"replies":[{"embeddable":true,"href":"https:\/\/vocesparalelas.com.ar\/sitio\/wp-json\/wp\/v2\/comments?post=46677"}],"version-history":[{"count":1,"href":"https:\/\/vocesparalelas.com.ar\/sitio\/wp-json\/wp\/v2\/posts\/46677\/revisions"}],"predecessor-version":[{"id":46680,"href":"https:\/\/vocesparalelas.com.ar\/sitio\/wp-json\/wp\/v2\/posts\/46677\/revisions\/46680"}],"wp:featuredmedia":[{"embeddable":true,"href":"https:\/\/vocesparalelas.com.ar\/sitio\/wp-json\/wp\/v2\/media\/46679"}],"wp:attachment":[{"href":"https:\/\/vocesparalelas.com.ar\/sitio\/wp-json\/wp\/v2\/media?parent=46677"}],"wp:term":[{"taxonomy":"category","embeddable":true,"href":"https:\/\/vocesparalelas.com.ar\/sitio\/wp-json\/wp\/v2\/categories?post=46677"},{"taxonomy":"post_tag","embeddable":true,"href":"https:\/\/vocesparalelas.com.ar\/sitio\/wp-json\/wp\/v2\/tags?post=46677"}],"curies":[{"name":"wp","href":"https:\/\/api.w.org\/{rel}","templated":true}]}}