{"id":46673,"date":"2022-03-01T20:36:02","date_gmt":"2022-03-01T23:36:02","guid":{"rendered":"https:\/\/vocesparalelas.com.ar\/sitio\/?p=46673"},"modified":"2022-03-03T23:39:23","modified_gmt":"2022-03-04T02:39:23","slug":"cierre-del-vacacionarte-en-el-mpbafr-de-san-juan","status":"publish","type":"post","link":"https:\/\/vocesparalelas.com.ar\/sitio\/cierre-del-vacacionarte-en-el-mpbafr-de-san-juan\/","title":{"rendered":"Cierre del \u00abVacacionarte\u00bb en el MPBAFR de San Juan"},"content":{"rendered":"<p>En el marco de su programa de educaci\u00f3n no formal, el Museo Provincial de Bellas Artes Franklin Rawson propone cada verano una colonia de arte para ni\u00f1os y adolescentes con la intenci\u00f3n de estimularlos en el lenguaje art\u00edstico desde temprana edad \u00abVacacionarte\u00bb, que se impuso en San Juan.<\/p>\n<p>La muestra final del Vacacionarte, se desarrolla el 11 de Marzo de 2022, a las 20 hs, en el MPBAFR, con invitaci\u00f3n abierta a las familias y p\u00fablico en general.<\/p>\n<p>En cada edici\u00f3n se diagraman diferentes talleres abordando una tem\u00e1tica en particular; en la presente edici\u00f3n por ejemplo se incorpor\u00f3\u00a0\u201cPsicoarte\u201d<strong>,<\/strong>\u00a0una forma de trabajar la psicolog\u00eda infantil y juvenil para un mejor uso de la creatividad.<\/p>\n<p>A su vez, desde el equipo de coordinaci\u00f3n de Vacacionarte se puso \u00e9nfasis en los\u00a0\u201cmodos de mirar\u201d,\u00a0promoviendo la sensorialidad y la percepci\u00f3n en funci\u00f3n de generar\u00a0un nuevo pensamiento visual,\u00a0a parir de la interacci\u00f3n con las muestras temporales actuales:\u00a0Bienal Nacional de Dibujo y Premio Franklin Rawson a las Artes Visuales.<\/p>\n<p>A partir de tal disparador, en cada uno de los 14 talleres &#8211; coordinados por 30 docentes &#8211; se trabaj\u00f3 de acuerdo a diversos recursos y t\u00e9cnicas que derivaron en originales producciones, las cuales podr\u00e1n apreciarse integralmente en una muestra final, a realizarse el\u00a011 de marzo a las 20, en el MPBAFR, con invitaci\u00f3n abierta a las familias y p\u00fablico en general.<\/p>\n","protected":false},"excerpt":{"rendered":"<p>En el marco de su programa de educaci\u00f3n no formal, el Museo Provincial de Bellas Artes Franklin Rawson propone cada<\/p>\n","protected":false},"author":3,"featured_media":34190,"comment_status":"closed","ping_status":"closed","sticky":false,"template":"","format":"standard","meta":{"_acf_changed":false,"_seopress_robots_primary_cat":"none","_seopress_titles_title":"","_seopress_titles_desc":"","_seopress_robots_index":"","colormag_page_container_layout":"default_layout","colormag_page_sidebar_layout":"default_layout","footnotes":""},"categories":[20],"tags":[],"class_list":["post-46673","post","type-post","status-publish","format-standard","has-post-thumbnail","hentry","category-cartelera"],"acf":[],"_links":{"self":[{"href":"https:\/\/vocesparalelas.com.ar\/sitio\/wp-json\/wp\/v2\/posts\/46673","targetHints":{"allow":["GET"]}}],"collection":[{"href":"https:\/\/vocesparalelas.com.ar\/sitio\/wp-json\/wp\/v2\/posts"}],"about":[{"href":"https:\/\/vocesparalelas.com.ar\/sitio\/wp-json\/wp\/v2\/types\/post"}],"author":[{"embeddable":true,"href":"https:\/\/vocesparalelas.com.ar\/sitio\/wp-json\/wp\/v2\/users\/3"}],"replies":[{"embeddable":true,"href":"https:\/\/vocesparalelas.com.ar\/sitio\/wp-json\/wp\/v2\/comments?post=46673"}],"version-history":[{"count":1,"href":"https:\/\/vocesparalelas.com.ar\/sitio\/wp-json\/wp\/v2\/posts\/46673\/revisions"}],"predecessor-version":[{"id":46675,"href":"https:\/\/vocesparalelas.com.ar\/sitio\/wp-json\/wp\/v2\/posts\/46673\/revisions\/46675"}],"wp:featuredmedia":[{"embeddable":true,"href":"https:\/\/vocesparalelas.com.ar\/sitio\/wp-json\/wp\/v2\/media\/34190"}],"wp:attachment":[{"href":"https:\/\/vocesparalelas.com.ar\/sitio\/wp-json\/wp\/v2\/media?parent=46673"}],"wp:term":[{"taxonomy":"category","embeddable":true,"href":"https:\/\/vocesparalelas.com.ar\/sitio\/wp-json\/wp\/v2\/categories?post=46673"},{"taxonomy":"post_tag","embeddable":true,"href":"https:\/\/vocesparalelas.com.ar\/sitio\/wp-json\/wp\/v2\/tags?post=46673"}],"curies":[{"name":"wp","href":"https:\/\/api.w.org\/{rel}","templated":true}]}}