{"id":46564,"date":"2022-02-25T18:45:59","date_gmt":"2022-02-25T21:45:59","guid":{"rendered":"https:\/\/vocesparalelas.com.ar\/sitio\/?p=46564"},"modified":"2022-02-27T13:29:52","modified_gmt":"2022-02-27T16:29:52","slug":"recomendaciones-de-redtulum-para-que-llegues-a-la-escuela","status":"publish","type":"post","link":"https:\/\/vocesparalelas.com.ar\/sitio\/recomendaciones-de-redtulum-para-que-llegues-a-la-escuela\/","title":{"rendered":"Recomendaciones de RedTulum para que llegues a la Escuela"},"content":{"rendered":"<p>En este nuevo regreso a clases presenciales es fundamental conocer qu\u00e9 l\u00edneas del transporte p\u00fablico acercan a los usuarias a sus respectivos establecimientos educativos.<\/p>\n<p>Por eso desde RedTulum recomiendan consultar a trav\u00e9s de la APP y la web siguiendo estos pasos:<\/p>\n<ul>\n<li>Descargar la app gratis a trav\u00e9s de AppStore o Playstore<\/li>\n<li>Activar los permisos del tel\u00e9fono para acceder a la ubicaci\u00f3n GPS<\/li>\n<li>Escribir en el buscador el nombre del establecimiento o marcarlo desde la opci\u00f3n \u201cElige en el mapa\u201d.<\/li>\n<li>Completar el lugar de origen, escribi\u00e9ndolo o seleccionando la opci\u00f3n \u201cTu ubicaci\u00f3n actual\u201d.<\/li>\n<li>Buscar la l\u00ednea o combinaci\u00f3n de l\u00edneas m\u00e1s conveniente.<\/li>\n<li>Elegir la opci\u00f3n deseada para visualizar paradas y recorrido.<\/li>\n<\/ul>\n<p>La aplicaci\u00f3n tiene la funci\u00f3n de guiar al usuario a lo largo del viaje, con la opci\u00f3n \u201cVamos\u201d, indicando hacia d\u00f3nde caminar, d\u00f3nde esperar el servicio de transporte e incluso cu\u00e1ndo bajarse de la unidad. Las indicaciones en vivo tienen la opci\u00f3n de continuar ejecut\u00e1ndose en segundo plano para de esta manera poder seguir utilizando otras funciones del tel\u00e9fono celular.<\/p>\n<p>Tambi\u00e9n se puede consultar la misma informaci\u00f3n a trav\u00e9s de la web\u00a0<a href=\"http:\/\/www.redtulum.gob.ar\/\">www.redtulum.gob.ar<\/a>, en la pesta\u00f1a \u201cMen\u00fa\u201d y luego en \u201cPlanific\u00e1 tu viaje\u201d, siguiendo los mismos pasos que la App.<\/p>\n<p>El planificador de la web tiene incorporada la opci\u00f3n de \u201cCompartir el plan de viaje\u201d, para poder enviar las indicaciones a otros usuarios, ya sea v\u00eda mail, messenger o whatsapp.<\/p>\n<p>Tanto en la App como en la web se pueden programar viajes a futuro, presionando la pesta\u00f1a \u201cSalir ahora\u201d y luego \u201cSeleccionar hora de salida\u201d, para conocer cu\u00e1ndo pasar\u00e1n los colectivos que el usuario necesite, por sus paradas m\u00e1s cercanas y a una hora programada.<\/p>\n<p>Para dudas sobre recorridos o qu\u00e9 l\u00edneas tomar para llegar a los colegios o escuelas se puede llamar en forma gratuita al 0800 333 8858, de Lunes a Viernes de 6:30hs a 22:00hs\u00a0o a la Direcci\u00f3n de Tr\u00e1nsito y Transporte, 422 1604.<\/p>\n<p>&nbsp;<\/p>\n<p>&nbsp;<\/p>\n<p>&nbsp;<\/p>\n","protected":false},"excerpt":{"rendered":"<p>En este nuevo regreso a clases presenciales es fundamental conocer qu\u00e9 l\u00edneas del transporte p\u00fablico acercan a los usuarias a<\/p>\n","protected":false},"author":3,"featured_media":44596,"comment_status":"closed","ping_status":"closed","sticky":false,"template":"","format":"standard","meta":{"_acf_changed":false,"_seopress_robots_primary_cat":"none","_seopress_titles_title":"","_seopress_titles_desc":"","_seopress_robots_index":"","colormag_page_container_layout":"default_layout","colormag_page_sidebar_layout":"default_layout","footnotes":""},"categories":[5],"tags":[],"class_list":["post-46564","post","type-post","status-publish","format-standard","has-post-thumbnail","hentry","category-ofrecimientos"],"acf":[],"_links":{"self":[{"href":"https:\/\/vocesparalelas.com.ar\/sitio\/wp-json\/wp\/v2\/posts\/46564","targetHints":{"allow":["GET"]}}],"collection":[{"href":"https:\/\/vocesparalelas.com.ar\/sitio\/wp-json\/wp\/v2\/posts"}],"about":[{"href":"https:\/\/vocesparalelas.com.ar\/sitio\/wp-json\/wp\/v2\/types\/post"}],"author":[{"embeddable":true,"href":"https:\/\/vocesparalelas.com.ar\/sitio\/wp-json\/wp\/v2\/users\/3"}],"replies":[{"embeddable":true,"href":"https:\/\/vocesparalelas.com.ar\/sitio\/wp-json\/wp\/v2\/comments?post=46564"}],"version-history":[{"count":1,"href":"https:\/\/vocesparalelas.com.ar\/sitio\/wp-json\/wp\/v2\/posts\/46564\/revisions"}],"predecessor-version":[{"id":46566,"href":"https:\/\/vocesparalelas.com.ar\/sitio\/wp-json\/wp\/v2\/posts\/46564\/revisions\/46566"}],"wp:featuredmedia":[{"embeddable":true,"href":"https:\/\/vocesparalelas.com.ar\/sitio\/wp-json\/wp\/v2\/media\/44596"}],"wp:attachment":[{"href":"https:\/\/vocesparalelas.com.ar\/sitio\/wp-json\/wp\/v2\/media?parent=46564"}],"wp:term":[{"taxonomy":"category","embeddable":true,"href":"https:\/\/vocesparalelas.com.ar\/sitio\/wp-json\/wp\/v2\/categories?post=46564"},{"taxonomy":"post_tag","embeddable":true,"href":"https:\/\/vocesparalelas.com.ar\/sitio\/wp-json\/wp\/v2\/tags?post=46564"}],"curies":[{"name":"wp","href":"https:\/\/api.w.org\/{rel}","templated":true}]}}