{"id":46488,"date":"2022-02-23T23:50:42","date_gmt":"2022-02-24T02:50:42","guid":{"rendered":"https:\/\/vocesparalelas.com.ar\/sitio\/?p=46488"},"modified":"2022-02-24T00:36:08","modified_gmt":"2022-02-24T03:36:08","slug":"reubicacion-de-estudiantes-primarios-para-el-ciclo-lectivo-2022","status":"publish","type":"post","link":"https:\/\/vocesparalelas.com.ar\/sitio\/reubicacion-de-estudiantes-primarios-para-el-ciclo-lectivo-2022\/","title":{"rendered":"Reubicaci\u00f3n de estudiantes primarios para el Ciclo Lectivo 2022"},"content":{"rendered":"<p>La Direcci\u00f3n Educaci\u00f3n Primaria del Ministerio de Educaci\u00f3n del Gobierno de San Juan comunica a padres, tutores o adultos responsables que no pudieron inscribir a estudiantes de Nivel Primario en el mes de diciembre para el Ciclo Lectivo 2022, que el Proceso de Reubicaci\u00f3n se realizar\u00e1, con la ayuda de docentes del Equipo M\u00f3vil, del 21 al 25 de febrero del 2022 en las Escuelas Sedes designadas.<\/p>\n<p>Los interesados tienen que dirigirse a la Escuela Sede seleccionada en el departamento en el que residen, en los siguientes horarios:<\/p>\n<ul>\n<li>Turno ma\u00f1ana: de 8:30 a 12 horas<\/li>\n<li>Turno tarde: de 13:30 a 17 horas<\/li>\n<\/ul>\n<p>Para la inscripci\u00f3n deben presentar:<\/p>\n<ul>\n<li>Fotocopia de cara y contra cara del DNI del ni\u00f1o o la ni\u00f1a<\/li>\n<li>Certificado de Unidad Pedag\u00f3gica Temporal 2021 original y copia.<\/li>\n<\/ul>\n<p>Por consultas, comunicarse en horario de 8 a 13 con la Direcci\u00f3n de Educaci\u00f3n Primaria, al 4302512.<\/p>\n<p><strong><span style=\"color: #339966;\">Escuelas Sedes\u00a0<\/span><\/strong><\/p>\n<p><img loading=\"lazy\" decoding=\"async\" class=\"alignnone size-full wp-image-46490 aligncenter\" src=\"https:\/\/vocesparalelas.com.ar\/sitio\/wp-content\/uploads\/2022\/02\/ESCUELAS-PRIMARIAS.jpg\" alt=\"\" width=\"557\" height=\"590\" srcset=\"https:\/\/vocesparalelas.com.ar\/sitio\/wp-content\/uploads\/2022\/02\/ESCUELAS-PRIMARIAS.jpg 557w, https:\/\/vocesparalelas.com.ar\/sitio\/wp-content\/uploads\/2022\/02\/ESCUELAS-PRIMARIAS-283x300.jpg 283w\" sizes=\"auto, (max-width: 557px) 100vw, 557px\" \/><\/p>\n<p>&nbsp;<\/p>\n","protected":false},"excerpt":{"rendered":"<p>La Direcci\u00f3n Educaci\u00f3n Primaria del Ministerio de Educaci\u00f3n del Gobierno de San Juan comunica a padres, tutores o adultos responsables<\/p>\n","protected":false},"author":3,"featured_media":42239,"comment_status":"closed","ping_status":"closed","sticky":false,"template":"","format":"standard","meta":{"_acf_changed":false,"_seopress_robots_primary_cat":"none","_seopress_titles_title":"","_seopress_titles_desc":"","_seopress_robots_index":"","colormag_page_container_layout":"default_layout","colormag_page_sidebar_layout":"default_layout","footnotes":""},"categories":[5],"tags":[],"class_list":["post-46488","post","type-post","status-publish","format-standard","has-post-thumbnail","hentry","category-ofrecimientos"],"acf":[],"_links":{"self":[{"href":"https:\/\/vocesparalelas.com.ar\/sitio\/wp-json\/wp\/v2\/posts\/46488","targetHints":{"allow":["GET"]}}],"collection":[{"href":"https:\/\/vocesparalelas.com.ar\/sitio\/wp-json\/wp\/v2\/posts"}],"about":[{"href":"https:\/\/vocesparalelas.com.ar\/sitio\/wp-json\/wp\/v2\/types\/post"}],"author":[{"embeddable":true,"href":"https:\/\/vocesparalelas.com.ar\/sitio\/wp-json\/wp\/v2\/users\/3"}],"replies":[{"embeddable":true,"href":"https:\/\/vocesparalelas.com.ar\/sitio\/wp-json\/wp\/v2\/comments?post=46488"}],"version-history":[{"count":1,"href":"https:\/\/vocesparalelas.com.ar\/sitio\/wp-json\/wp\/v2\/posts\/46488\/revisions"}],"predecessor-version":[{"id":46491,"href":"https:\/\/vocesparalelas.com.ar\/sitio\/wp-json\/wp\/v2\/posts\/46488\/revisions\/46491"}],"wp:featuredmedia":[{"embeddable":true,"href":"https:\/\/vocesparalelas.com.ar\/sitio\/wp-json\/wp\/v2\/media\/42239"}],"wp:attachment":[{"href":"https:\/\/vocesparalelas.com.ar\/sitio\/wp-json\/wp\/v2\/media?parent=46488"}],"wp:term":[{"taxonomy":"category","embeddable":true,"href":"https:\/\/vocesparalelas.com.ar\/sitio\/wp-json\/wp\/v2\/categories?post=46488"},{"taxonomy":"post_tag","embeddable":true,"href":"https:\/\/vocesparalelas.com.ar\/sitio\/wp-json\/wp\/v2\/tags?post=46488"}],"curies":[{"name":"wp","href":"https:\/\/api.w.org\/{rel}","templated":true}]}}