{"id":46436,"date":"2022-02-22T13:44:21","date_gmt":"2022-02-22T16:44:21","guid":{"rendered":"https:\/\/vocesparalelas.com.ar\/sitio\/?p=46436"},"modified":"2022-02-24T00:01:10","modified_gmt":"2022-02-24T03:01:10","slug":"firma-de-convenio-con-8-departamentos-de-san-juan-con-la-faud-de-la-unsj","status":"publish","type":"post","link":"https:\/\/vocesparalelas.com.ar\/sitio\/firma-de-convenio-con-8-departamentos-de-san-juan-con-la-faud-de-la-unsj\/","title":{"rendered":"Firma de convenio con 8 Departamentos de San Juan con la FAUD de la UNSJ"},"content":{"rendered":"<p>En el Sal\u00f3n de conferencias de la Facultad de Arquitectura, Urbanismo y Dise\u00f1o de la Universidad Nacional de San Juan, se desarroll\u00f3 el acto de la firma de convenio para la efectivizaci\u00f3n de capacitaciones que benefician a la comunidad con las municipalidades de los Departamentos de<\/p>\n<ul>\n<li>J\u00e1chal<\/li>\n<li>Caucete<\/li>\n<li>Chimbas<\/li>\n<li>Iglesia<\/li>\n<li>Pocito<\/li>\n<li>Santa Luc\u00eda<\/li>\n<li>Valle F\u00e9rtil<\/li>\n<li>25 de Mayo<\/li>\n<\/ul>\n<p>Para ello, estuvieron presentes el Rector de la UNSJ, Ing. Tadeo Berenguer, el Decano de la FAUD de la UNSJ, Arq. Guillermo Velasco, la vicedecana de la FAUD de la UNSJ, DIG Natalia Sevilla P\u00f3sleman, la Secretaria del SECITI del Gobierno de San Juan, Ing. Marita Benavente, otras autoridades de la UNSJ y de la FAUD.<\/p>\n<p>&nbsp;<\/p>\n<p><iframe loading=\"lazy\" title=\"FAUD UNSJ\" width=\"800\" height=\"450\" src=\"https:\/\/www.youtube.com\/embed\/wZMqsZzhPyE?feature=oembed\" frameborder=\"0\" allow=\"accelerometer; autoplay; clipboard-write; encrypted-media; gyroscope; picture-in-picture\" allowfullscreen><\/iframe><\/p>\n<p>En primer lugar firm\u00f3 el convenio para la implementaci\u00f3n\u00a0 de la carrera de Tecnicatura Universitaria\u00a0 en Dise\u00f1o de Indumentaria y Textil en el Departamento de J\u00e1chal.<\/p>\n<p>Por ello, firmaron el Rector de la UNSJ, Ing. Tadeo Berenguer, el el Decano de la FAUD de la UNSJ, Arq. Guillermo Velasco y el intendente de la Municipalidad de J\u00e1chal, CPN Miguel Vega.<\/p>\n<p><img loading=\"lazy\" decoding=\"async\" class=\"alignnone size-full wp-image-46444\" src=\"https:\/\/vocesparalelas.com.ar\/sitio\/wp-content\/uploads\/2022\/02\/FAUD-INTENDENTES-08.jpg\" alt=\"\" width=\"800\" height=\"533\" srcset=\"https:\/\/vocesparalelas.com.ar\/sitio\/wp-content\/uploads\/2022\/02\/FAUD-INTENDENTES-08.jpg 800w, https:\/\/vocesparalelas.com.ar\/sitio\/wp-content\/uploads\/2022\/02\/FAUD-INTENDENTES-08-300x200.jpg 300w, https:\/\/vocesparalelas.com.ar\/sitio\/wp-content\/uploads\/2022\/02\/FAUD-INTENDENTES-08-768x512.jpg 768w\" sizes=\"auto, (max-width: 800px) 100vw, 800px\" \/> <img loading=\"lazy\" decoding=\"async\" class=\"alignnone size-full wp-image-46445\" src=\"https:\/\/vocesparalelas.com.ar\/sitio\/wp-content\/uploads\/2022\/02\/FAUD-INTENDENTES-09.jpg\" alt=\"\" width=\"800\" height=\"533\" srcset=\"https:\/\/vocesparalelas.com.ar\/sitio\/wp-content\/uploads\/2022\/02\/FAUD-INTENDENTES-09.jpg 800w, https:\/\/vocesparalelas.com.ar\/sitio\/wp-content\/uploads\/2022\/02\/FAUD-INTENDENTES-09-300x200.jpg 300w, https:\/\/vocesparalelas.com.ar\/sitio\/wp-content\/uploads\/2022\/02\/FAUD-INTENDENTES-09-768x512.jpg 768w\" sizes=\"auto, (max-width: 800px) 100vw, 800px\" \/><\/p>\n<p><img loading=\"lazy\" decoding=\"async\" class=\"alignnone size-full wp-image-46443\" src=\"https:\/\/vocesparalelas.com.ar\/sitio\/wp-content\/uploads\/2022\/02\/FAUD-INTENDENTES-07.jpg\" alt=\"\" width=\"800\" height=\"533\" srcset=\"https:\/\/vocesparalelas.com.ar\/sitio\/wp-content\/uploads\/2022\/02\/FAUD-INTENDENTES-07.jpg 800w, https:\/\/vocesparalelas.com.ar\/sitio\/wp-content\/uploads\/2022\/02\/FAUD-INTENDENTES-07-300x200.jpg 300w, https:\/\/vocesparalelas.com.ar\/sitio\/wp-content\/uploads\/2022\/02\/FAUD-INTENDENTES-07-768x512.jpg 768w\" sizes=\"auto, (max-width: 800px) 100vw, 800px\" \/><\/p>\n<p>&nbsp;<\/p>\n<p>El intendente de la Municipalidad de J\u00e1chal, CPN Miguel Vega, quien destac\u00f3 el significado de la firma de convenio y los beneficios que trae a la poblaci\u00f3n del departamento para capacitarse en lo laboral.<\/p>\n<p><iframe loading=\"lazy\" title=\"FAUD UNSJ\" width=\"800\" height=\"450\" src=\"https:\/\/www.youtube.com\/embed\/raB6IVPqyQc?feature=oembed\" frameborder=\"0\" allow=\"accelerometer; autoplay; clipboard-write; encrypted-media; gyroscope; picture-in-picture\" allowfullscreen><\/iframe><\/p>\n<p>Adem\u00e1s, se firm\u00f3 el convenio con los intendentes de Caucete, Lic. Romina Rosas, de Chimbas, Fabi\u00e1n Gramajo, de Iglesia, Dr. Jorge Espejo, de Pocito, Armando S\u00e1nchez, de Valle F\u00e9rtil, Omar Ortiz, de Santa Luc\u00eda, Juan Jos\u00e9 Orrego y de 25 de Mayo, Dr. Juan Carlos Quiroga Moyano.<\/p>\n<p><img loading=\"lazy\" decoding=\"async\" class=\"alignnone size-full wp-image-46442\" src=\"https:\/\/vocesparalelas.com.ar\/sitio\/wp-content\/uploads\/2022\/02\/FAUD-INTENDENTES-06.jpg\" alt=\"\" width=\"800\" height=\"533\" srcset=\"https:\/\/vocesparalelas.com.ar\/sitio\/wp-content\/uploads\/2022\/02\/FAUD-INTENDENTES-06.jpg 800w, https:\/\/vocesparalelas.com.ar\/sitio\/wp-content\/uploads\/2022\/02\/FAUD-INTENDENTES-06-300x200.jpg 300w, https:\/\/vocesparalelas.com.ar\/sitio\/wp-content\/uploads\/2022\/02\/FAUD-INTENDENTES-06-768x512.jpg 768w\" sizes=\"auto, (max-width: 800px) 100vw, 800px\" \/><\/p>\n<p>&nbsp;<\/p>\n<p>El Decano de la FAUD de la UNSJ, Arq. Guillermo Velasco destac\u00f3 que el programa responde a los requerimientos de la naci\u00f3n y que permite que la facultad llegue a los departamentos para mejorar y fortalecer el conocimiento de la poblaci\u00f3n en lo laboral. Esto es producto del trabajo de un equipo de profesionales que da posibilidades al servicio de la comunidad.<\/p>\n<p><iframe loading=\"lazy\" title=\"FAUD UNSJ\" width=\"800\" height=\"450\" src=\"https:\/\/www.youtube.com\/embed\/532fzZB_meQ?feature=oembed\" frameborder=\"0\" allow=\"accelerometer; autoplay; clipboard-write; encrypted-media; gyroscope; picture-in-picture\" allowfullscreen><\/iframe><\/p>\n<p>Finalmente, el Rector de la UNSJ, Ing. Tadeo Berenguer, puntualiz\u00f3 la responsabilidad de gesti\u00f3n para que la Universidad brinde m\u00e1s oportunidades a la comunidad como expresi\u00f3n de extensi\u00f3n, buscando otras alternativas de capacitaci\u00f3n adaptando las realidades locales.<\/p>\n<p>&nbsp;<\/p>\n<p><iframe loading=\"lazy\" title=\"FAUD UNSJ\" width=\"800\" height=\"450\" src=\"https:\/\/www.youtube.com\/embed\/-L89t_qcZIo?feature=oembed\" frameborder=\"0\" allow=\"accelerometer; autoplay; clipboard-write; encrypted-media; gyroscope; picture-in-picture\" allowfullscreen><\/iframe><\/p>\n<p><span style=\"color: #339966;\"><strong>Cursos que se dictan en la Escuela de Educaci\u00f3n Profesional<\/strong><\/span><\/p>\n<p><span style=\"color: #339966;\"><strong>Departamento Iglesia<\/strong><strong>\u00a02022\u00a0<\/strong><\/span><\/p>\n<p><span style=\"color: #339966;\"><strong>Taller Experimental de Tecnolog\u00edas Constructivas\u00a0<\/strong><\/span><\/p>\n<ul>\n<li>Oficial en Yeser\u00eda (1\u00ba Semestre) 2022<\/li>\n<\/ul>\n<p><span style=\"color: #339966;\"><strong>Departamento Valle F\u00e9rtil <\/strong><strong>2022\u00a0<\/strong><\/span><\/p>\n<p><span style=\"color: #339966;\"><strong>Taller Experimental de Tecnolog\u00edas Constructivas<\/strong><\/span><\/p>\n<ul>\n<li>Oficina en componentes constructivos con piedras (2\u00ba Semestre) 2022<\/li>\n<\/ul>\n<p><span style=\"color: #339966;\"><strong>Departamento Caucete 2022\u00a0<\/strong><\/span><\/p>\n<p><span style=\"color: #339966;\"><strong>Taller Experimental de Tecnolog\u00edas Constructivas<\/strong><\/span><\/p>\n<ul>\n<li>Oficial Armador (1\u00ba Semestre) 2022<\/li>\n<\/ul>\n<p><span style=\"color: #339966;\"><strong>Departamento 25 de Mayo <\/strong><strong>2022\u00a0<\/strong><\/span><\/p>\n<p><strong><span style=\"color: #339966;\">Taller Experimental de Maquetaci\u00f3n y Prototipado\u00a0<\/span><\/strong><\/p>\n<ul>\n<li>T\u00e9cnico en Maquetaci\u00f3n Anal\u00f3gica (1\u00ba Semestre) 2022<\/li>\n<li>T\u00e9cnico en Router CNC (2\u00ba Semestre) 2022<\/li>\n<\/ul>\n<p><span style=\"color: #339966;\"><strong>Departamento Pocito<\/strong><\/span><\/p>\n<p><strong><span style=\"color: #339966;\">Taller Experimental de Maquetaci\u00f3n y Prototipado\u00a0<\/span><\/strong><\/p>\n<ul>\n<li>T\u00e9cnico en Maquetaci\u00f3n Anal\u00f3gica (1\u00ba Semestre) 2022<\/li>\n<li>T\u00e9cnico en Router CNC (2\u00ba Semestre) 2022<\/li>\n<\/ul>\n<p><span style=\"color: #339966;\"><strong>Departamento Chimbas<\/strong><\/span><\/p>\n<p><strong><span style=\"color: #339966;\">Taller Experimental de T\u00e9cnicas de Reproducci\u00f3n Gr\u00e1fica<\/span><\/strong><\/p>\n<ul>\n<li>T\u00e9cnico en Serigraf\u00eda (1\u00ba Semestre) 2022<\/li>\n<li>T\u00e9cnico en Impresi\u00f3n Termotransferible (2\u00ba Semestre) 2022<\/li>\n<\/ul>\n<p><span style=\"color: #339966;\"><strong>Departamento Santa Luc\u00eda<\/strong><\/span><\/p>\n<p><strong><span style=\"color: #339966;\">Taller Experimental de T\u00e9cnicas de Reproducci\u00f3n Gr\u00e1fica<\/span><\/strong><\/p>\n<ul>\n<li>T\u00e9cnico en Serigraf\u00eda (1\u00ba Semestre) 2022<\/li>\n<li>T\u00e9cnico en Impresi\u00f3n Termotransferible (2\u00ba Semestre) 2022<\/li>\n<\/ul>\n<p>&nbsp;<\/p>\n<p><img loading=\"lazy\" decoding=\"async\" class=\"alignnone size-full wp-image-46438\" src=\"https:\/\/vocesparalelas.com.ar\/sitio\/wp-content\/uploads\/2022\/02\/FAUD-INTENDENTES-01.jpg\" alt=\"\" width=\"800\" height=\"533\" srcset=\"https:\/\/vocesparalelas.com.ar\/sitio\/wp-content\/uploads\/2022\/02\/FAUD-INTENDENTES-01.jpg 800w, https:\/\/vocesparalelas.com.ar\/sitio\/wp-content\/uploads\/2022\/02\/FAUD-INTENDENTES-01-300x200.jpg 300w, https:\/\/vocesparalelas.com.ar\/sitio\/wp-content\/uploads\/2022\/02\/FAUD-INTENDENTES-01-768x512.jpg 768w\" sizes=\"auto, (max-width: 800px) 100vw, 800px\" \/><\/p>\n<p>&nbsp;<\/p>\n<p>&nbsp;<\/p>\n<p>&nbsp;<\/p>\n<p>&nbsp;<\/p>\n<p>&nbsp;<\/p>\n<p>&nbsp;<\/p>\n<p>&nbsp;<\/p>\n<p>&nbsp;<\/p>\n","protected":false},"excerpt":{"rendered":"<p>En el Sal\u00f3n de conferencias de la Facultad de Arquitectura, Urbanismo y Dise\u00f1o de la Universidad Nacional de San Juan,<\/p>\n","protected":false},"author":3,"featured_media":46441,"comment_status":"closed","ping_status":"closed","sticky":false,"template":"","format":"video","meta":{"_acf_changed":false,"_seopress_robots_primary_cat":"none","_seopress_titles_title":"","_seopress_titles_desc":"","_seopress_robots_index":"","colormag_page_container_layout":"default_layout","colormag_page_sidebar_layout":"default_layout","footnotes":""},"categories":[9,7],"tags":[],"class_list":["post-46436","post","type-post","status-publish","format-video","has-post-thumbnail","hentry","category-cursos","category-videos","post_format-post-format-video"],"acf":[],"_links":{"self":[{"href":"https:\/\/vocesparalelas.com.ar\/sitio\/wp-json\/wp\/v2\/posts\/46436","targetHints":{"allow":["GET"]}}],"collection":[{"href":"https:\/\/vocesparalelas.com.ar\/sitio\/wp-json\/wp\/v2\/posts"}],"about":[{"href":"https:\/\/vocesparalelas.com.ar\/sitio\/wp-json\/wp\/v2\/types\/post"}],"author":[{"embeddable":true,"href":"https:\/\/vocesparalelas.com.ar\/sitio\/wp-json\/wp\/v2\/users\/3"}],"replies":[{"embeddable":true,"href":"https:\/\/vocesparalelas.com.ar\/sitio\/wp-json\/wp\/v2\/comments?post=46436"}],"version-history":[{"count":1,"href":"https:\/\/vocesparalelas.com.ar\/sitio\/wp-json\/wp\/v2\/posts\/46436\/revisions"}],"predecessor-version":[{"id":46446,"href":"https:\/\/vocesparalelas.com.ar\/sitio\/wp-json\/wp\/v2\/posts\/46436\/revisions\/46446"}],"wp:featuredmedia":[{"embeddable":true,"href":"https:\/\/vocesparalelas.com.ar\/sitio\/wp-json\/wp\/v2\/media\/46441"}],"wp:attachment":[{"href":"https:\/\/vocesparalelas.com.ar\/sitio\/wp-json\/wp\/v2\/media?parent=46436"}],"wp:term":[{"taxonomy":"category","embeddable":true,"href":"https:\/\/vocesparalelas.com.ar\/sitio\/wp-json\/wp\/v2\/categories?post=46436"},{"taxonomy":"post_tag","embeddable":true,"href":"https:\/\/vocesparalelas.com.ar\/sitio\/wp-json\/wp\/v2\/tags?post=46436"}],"curies":[{"name":"wp","href":"https:\/\/api.w.org\/{rel}","templated":true}]}}