{"id":4642,"date":"2017-09-03T22:08:09","date_gmt":"2017-09-04T01:08:09","guid":{"rendered":"http:\/\/vocesparalelas.com.ar\/sitio\/?p=4642"},"modified":"2017-11-10T17:10:21","modified_gmt":"2017-11-10T20:10:21","slug":"se-inauguro-la-pavimentacion-y-otras-mejoras-del-loteo-casares","status":"publish","type":"post","link":"https:\/\/vocesparalelas.com.ar\/sitio\/se-inauguro-la-pavimentacion-y-otras-mejoras-del-loteo-casares\/","title":{"rendered":"Se inaugur\u00f3 la Pavimentaci\u00f3n y otras mejoras en el Loteo Casares"},"content":{"rendered":"<p>La Municipalidad de la Ciudad de Rivadavia inaugur\u00f3 la pavimentaci\u00f3n del Loteo Casares y otras mejoras junto a los vecinos.<\/p>\n<p>El Intendente Municipalidad de la Ciudad de Rivadavia, Dr. Fabi\u00e1n Mart\u00edn explic\u00f3 que \u201cestamos inaugurado la pavimentaci\u00f3n del Loteo Casares y que los vecinos han denominado Portal del Oeste pero hay una presentaci\u00f3n por parte de ellos a la Municipalidad. Por ello, nosotros realizaremos una Ordenanza para dejar el nombre Portal del Oeste con la calle Pasaje Casares y son 45 viviendas\u201d.<\/p>\n<p>\u201cLa pavimentaci\u00f3n se realiz\u00f3 bajo el Plan de las 1000 cuadras otorgado por el Gobierno Provincial. Adem\u00e1s, se ha repotenciado la luminarias, se ha mejorado la plazoleta con juegos y la parquizaci\u00f3n, se ha colocado reductores de velocidad, contenedores para el residuo domiciliario\u00bb.<\/p>\n<p>\u00abEstamos muy conformes porque esta comunidad es muy pujante y permanentemente, mantenemos un di\u00e1logo, que nos ha permitido recoger todas sus inquietudes para hacer realidad esta obra que beneficia a sus habitantes\u00bb.<\/p>\n<p>\u00ab\u00c9ste es un espacio habitacional que tiene m\u00e1s de 20 a\u00f1os. Recuerdo que cuando se comenz\u00f3 a construir las casas pose\u00edan una sola pilastra que compart\u00edan la electricidad para la obra. Ellos fueron turnando el uso de la electricidad pero despu\u00e9s fueron trabajando para que se hiciera el tendido y distribuci\u00f3n de la electricidad. Tambi\u00e9n, fue gente que luch\u00f3 para que las propiedades fueran de ellos ya que hubo problemas con la persona que realiz\u00f3 el loteo y los vendi\u00f3. Eso ya pas\u00f3 porque regularon la situaci\u00f3n\u00bb.<\/p>\n<p>\u201cGracias a su situaci\u00f3n de comunidad pujante hoy llegamos con la pavimentaci\u00f3n para que se convierta en un barrio que adem\u00e1s, quieren imponer el nombre Barrio \u2018Portal del Oeste\u2019 y estamos para apoyar este sue\u00f1o\u201d.<\/p>\n<p>\u201cLos vecinos han pedido esto que hemos entregado pero siempre hay m\u00e1s que son mejorar el cord\u00f3n cuneta, la apertura de la calle para que se conecte con otros barrios aleda\u00f1os. Lo mismo hicimos con el Barrio CGT que con la apertura de la calle se pudo conectar con el Barrio Huazihul\u201d.<\/p>\n<p>\u201cLo que pretendemos es apoyar en sus iniciativas buscando los medios para dar las soluciones en este caso, los recursos que hemos utilizados son m\u00e1s de 500 mil pesos, el 60% es el valor del pavimento y el recto fue destinado para las mejoras, carteler\u00eda entre otras\u00bb.<\/p>\n<p><strong><span style=\"color: #ff0000\">Centro de Rehabilitaci\u00f3n de la Fauna<\/span><\/strong><\/p>\n<p>\u201cMuy pronto se realiza la reapertura del Parque Faun\u00edstico que cambia su denominaci\u00f3n a Centro de Rehabilitaci\u00f3n de la Fauna, que tiene unas modificaciones que permite que se vean las mejoras como la ampliaci\u00f3n de los caminos, las jaulas, los corrales, las luminarias, la se\u00f1ales, se ha capacitado al personal. La caracter\u00edstica que se viene es que el visitante tendr\u00e1 un personal capacitado para realizar la visita guiada\u00bb.<\/p>\n<p>\u00abHasta que funcion\u00f3 el parque la gente iba pag\u00f3 su entrada y recorr\u00eda el parte a su modo, sin tener un gu\u00eda que le explique el recorrido ni de los animales que contiene este espacio\u00bb.<\/p>\n<p>\u201cEs fundamental que este cambio apunta a lo educativo y que la gente tome conciencia que no puede tener en sus casa animales silvestres o de corral sin tener los medios apropiados para que este animalito se siente contenido\u201d.<\/p>\n<p>\u201cEsta inauguraci\u00f3n se realiza en el marco del aniversario del departamento. Adem\u00e1s, queremos que se sumen otras instituciones para que colaboren en el mantenimiento de los animales que se rescatan cuyos propietarios no tienen porque tenerlos en su casa ya que son animales silvestres y que pertenecen a la Fauna de San Juan. Hasta este momento se mantiene con los fondos destinados de la Municipalidad\u201d \u2013 concluy\u00f3 Mart\u00edn.<\/p>\n<p>&nbsp;<\/p>\n<p>&nbsp;<\/p>\n<p>&nbsp;<\/p>\n<p>&nbsp;<\/p>\n","protected":false},"excerpt":{"rendered":"<p>La Municipalidad de la Ciudad de Rivadavia inaugur\u00f3 la pavimentaci\u00f3n del Loteo Casares y otras mejoras junto a los vecinos.<\/p>\n","protected":false},"author":3,"featured_media":4643,"comment_status":"closed","ping_status":"closed","sticky":false,"template":"","format":"standard","meta":{"_acf_changed":false,"_seopress_robots_primary_cat":"","_seopress_titles_title":"","_seopress_titles_desc":"","_seopress_robots_index":"","colormag_page_container_layout":"default_layout","colormag_page_sidebar_layout":"default_layout","footnotes":""},"categories":[6],"tags":[],"class_list":["post-4642","post","type-post","status-publish","format-standard","has-post-thumbnail","hentry","category-eventos"],"acf":[],"_links":{"self":[{"href":"https:\/\/vocesparalelas.com.ar\/sitio\/wp-json\/wp\/v2\/posts\/4642","targetHints":{"allow":["GET"]}}],"collection":[{"href":"https:\/\/vocesparalelas.com.ar\/sitio\/wp-json\/wp\/v2\/posts"}],"about":[{"href":"https:\/\/vocesparalelas.com.ar\/sitio\/wp-json\/wp\/v2\/types\/post"}],"author":[{"embeddable":true,"href":"https:\/\/vocesparalelas.com.ar\/sitio\/wp-json\/wp\/v2\/users\/3"}],"replies":[{"embeddable":true,"href":"https:\/\/vocesparalelas.com.ar\/sitio\/wp-json\/wp\/v2\/comments?post=4642"}],"version-history":[{"count":0,"href":"https:\/\/vocesparalelas.com.ar\/sitio\/wp-json\/wp\/v2\/posts\/4642\/revisions"}],"wp:featuredmedia":[{"embeddable":true,"href":"https:\/\/vocesparalelas.com.ar\/sitio\/wp-json\/wp\/v2\/media\/4643"}],"wp:attachment":[{"href":"https:\/\/vocesparalelas.com.ar\/sitio\/wp-json\/wp\/v2\/media?parent=4642"}],"wp:term":[{"taxonomy":"category","embeddable":true,"href":"https:\/\/vocesparalelas.com.ar\/sitio\/wp-json\/wp\/v2\/categories?post=4642"},{"taxonomy":"post_tag","embeddable":true,"href":"https:\/\/vocesparalelas.com.ar\/sitio\/wp-json\/wp\/v2\/tags?post=4642"}],"curies":[{"name":"wp","href":"https:\/\/api.w.org\/{rel}","templated":true}]}}