{"id":46383,"date":"2022-02-19T11:49:58","date_gmt":"2022-02-19T14:49:58","guid":{"rendered":"https:\/\/vocesparalelas.com.ar\/sitio\/?p=46383"},"modified":"2022-02-22T23:47:07","modified_gmt":"2022-02-23T02:47:07","slug":"los-docentes-de-san-juan-pueden-retirar-certificados-de-diferentes-capacitaciones","status":"publish","type":"post","link":"https:\/\/vocesparalelas.com.ar\/sitio\/los-docentes-de-san-juan-pueden-retirar-certificados-de-diferentes-capacitaciones\/","title":{"rendered":"Los docentes de San Juan pueden retirar certificados de diferentes capacitaciones"},"content":{"rendered":"<p>La Subsecretar\u00eda de Planeamiento Educativo del Ministerio de Educaci\u00f3n del Gobierno de San Juan convoca a los docentes a retirar certificados de capacitaci\u00f3n de:<\/p>\n<ul>\n<li>Capacitaci\u00f3n Comunidades de lectura, Resoluci\u00f3n 6417 -ME 2021<\/li>\n<li>M\u00f3vil en mano, Telecom, Resoluci\u00f3n 3477 \u2013 ME 2021<\/li>\n<li>Certificado de participaci\u00f3n en el Programa Nacional de Feria de Ciencias y Tecnolog\u00eda 2021. Muestra Nacional de Educaci\u00f3n, Arte, Ciencia y Tecnolog\u00eda 2021.<\/li>\n<\/ul>\n<p>Los interesados pueden retirarlos presentando el DNI, en la Subsecretar\u00eda de Planeamiento Educativo de 8 a 13 horas en el 2 piso Centro C\u00edvico, N\u00facleo 1, solicitarlo a Laura Hidalgo.<\/p>\n","protected":false},"excerpt":{"rendered":"<p>La Subsecretar\u00eda de Planeamiento Educativo del Ministerio de Educaci\u00f3n del Gobierno de San Juan convoca a los docentes a retirar<\/p>\n","protected":false},"author":3,"featured_media":28629,"comment_status":"closed","ping_status":"closed","sticky":false,"template":"","format":"standard","meta":{"_acf_changed":false,"_seopress_robots_primary_cat":"none","_seopress_titles_title":"","_seopress_titles_desc":"","_seopress_robots_index":"","colormag_page_container_layout":"default_layout","colormag_page_sidebar_layout":"default_layout","footnotes":""},"categories":[2],"tags":[],"class_list":["post-46383","post","type-post","status-publish","format-standard","has-post-thumbnail","hentry","category-convocatorias"],"acf":[],"_links":{"self":[{"href":"https:\/\/vocesparalelas.com.ar\/sitio\/wp-json\/wp\/v2\/posts\/46383","targetHints":{"allow":["GET"]}}],"collection":[{"href":"https:\/\/vocesparalelas.com.ar\/sitio\/wp-json\/wp\/v2\/posts"}],"about":[{"href":"https:\/\/vocesparalelas.com.ar\/sitio\/wp-json\/wp\/v2\/types\/post"}],"author":[{"embeddable":true,"href":"https:\/\/vocesparalelas.com.ar\/sitio\/wp-json\/wp\/v2\/users\/3"}],"replies":[{"embeddable":true,"href":"https:\/\/vocesparalelas.com.ar\/sitio\/wp-json\/wp\/v2\/comments?post=46383"}],"version-history":[{"count":1,"href":"https:\/\/vocesparalelas.com.ar\/sitio\/wp-json\/wp\/v2\/posts\/46383\/revisions"}],"predecessor-version":[{"id":46385,"href":"https:\/\/vocesparalelas.com.ar\/sitio\/wp-json\/wp\/v2\/posts\/46383\/revisions\/46385"}],"wp:featuredmedia":[{"embeddable":true,"href":"https:\/\/vocesparalelas.com.ar\/sitio\/wp-json\/wp\/v2\/media\/28629"}],"wp:attachment":[{"href":"https:\/\/vocesparalelas.com.ar\/sitio\/wp-json\/wp\/v2\/media?parent=46383"}],"wp:term":[{"taxonomy":"category","embeddable":true,"href":"https:\/\/vocesparalelas.com.ar\/sitio\/wp-json\/wp\/v2\/categories?post=46383"},{"taxonomy":"post_tag","embeddable":true,"href":"https:\/\/vocesparalelas.com.ar\/sitio\/wp-json\/wp\/v2\/tags?post=46383"}],"curies":[{"name":"wp","href":"https:\/\/api.w.org\/{rel}","templated":true}]}}