{"id":46377,"date":"2022-02-18T23:56:32","date_gmt":"2022-02-19T02:56:32","guid":{"rendered":"https:\/\/vocesparalelas.com.ar\/sitio\/?p=46377"},"modified":"2022-02-19T13:46:06","modified_gmt":"2022-02-19T16:46:06","slug":"san-juan-asiste-a-corrientes-para-combatir-los-incendios-forestales","status":"publish","type":"post","link":"https:\/\/vocesparalelas.com.ar\/sitio\/san-juan-asiste-a-corrientes-para-combatir-los-incendios-forestales\/","title":{"rendered":"San Juan asiste a Corrientes para combatir los incendios forestales"},"content":{"rendered":"<p>El Gobierno de\u00a0San Juan se puso a disposici\u00f3n de la Provincia de Corrientes con el objetivo de asistir y colaborar en la lucha contra los incendios\u00a0que afectan gravemente a la jurisdicci\u00f3n litorale\u00f1a.<\/p>\n<p>El gobernador de San Juan, Dr. Sergio U\u00f1ac, se comunic\u00f3 v\u00eda telef\u00f3nica con el Gobernador de Corrientes, Dr. Gustavo Vald\u00e9s, a quien transmiti\u00f3 la solidaridad y preocupaci\u00f3n del pueblo sanjuanino ante los siniestros que afectan a Corrientes.<\/p>\n<figure id=\"attachment_46380\" aria-describedby=\"caption-attachment-46380\" style=\"width: 800px\" class=\"wp-caption alignnone\"><img loading=\"lazy\" decoding=\"async\" class=\"size-large wp-image-46380\" src=\"https:\/\/vocesparalelas.com.ar\/sitio\/wp-content\/uploads\/2022\/02\/DR-GUSTAVO-VALDES-800x500.jpg\" alt=\"\" width=\"800\" height=\"500\" srcset=\"https:\/\/vocesparalelas.com.ar\/sitio\/wp-content\/uploads\/2022\/02\/DR-GUSTAVO-VALDES-800x500.jpg 800w, https:\/\/vocesparalelas.com.ar\/sitio\/wp-content\/uploads\/2022\/02\/DR-GUSTAVO-VALDES-300x188.jpg 300w, https:\/\/vocesparalelas.com.ar\/sitio\/wp-content\/uploads\/2022\/02\/DR-GUSTAVO-VALDES-768x480.jpg 768w, https:\/\/vocesparalelas.com.ar\/sitio\/wp-content\/uploads\/2022\/02\/DR-GUSTAVO-VALDES.jpg 1024w\" sizes=\"auto, (max-width: 800px) 100vw, 800px\" \/><figcaption id=\"caption-attachment-46380\" class=\"wp-caption-text\">Gobernador de Corrientes, Dr. Gustavo Valdes<\/figcaption><\/figure>\n<p>En ese marco,\u00a0el Gobierno enviar\u00e1 autobombas, camionetas de acci\u00f3n r\u00e1pida, bomberos y un equipo de contingencia sanitaria\u00a0de Salud P\u00fablica compuesto por m\u00e9dicos, enfermeros y rescatistas. Las \u00e1reas provinciales que ser\u00e1n parte de este operativo ser\u00e1n los ministerios de Salud P\u00fablica y de Desarrollo Humano, y la Secretar\u00eda de Seguridad.<\/p>\n<p>Asimismo,\u00a0el gobernador U\u00f1ac puso el avi\u00f3n sanitario provincial a disposici\u00f3n\u00a0de su par correntino para\u00a0asistir a los afectados por los incendios que ya arrasaron el 10% del territorio de la Provincia de Corrientes.<\/p>\n<p><img loading=\"lazy\" decoding=\"async\" class=\"alignnone size-large wp-image-46381\" src=\"https:\/\/vocesparalelas.com.ar\/sitio\/wp-content\/uploads\/2022\/02\/CORRIENTES-INCENDIOS-800x450.jpg\" alt=\"\" width=\"800\" height=\"450\" srcset=\"https:\/\/vocesparalelas.com.ar\/sitio\/wp-content\/uploads\/2022\/02\/CORRIENTES-INCENDIOS-800x450.jpg 800w, https:\/\/vocesparalelas.com.ar\/sitio\/wp-content\/uploads\/2022\/02\/CORRIENTES-INCENDIOS-300x169.jpg 300w, https:\/\/vocesparalelas.com.ar\/sitio\/wp-content\/uploads\/2022\/02\/CORRIENTES-INCENDIOS-768x432.jpg 768w, https:\/\/vocesparalelas.com.ar\/sitio\/wp-content\/uploads\/2022\/02\/CORRIENTES-INCENDIOS.jpg 950w\" sizes=\"auto, (max-width: 800px) 100vw, 800px\" \/><\/p>\n<p>&nbsp;<\/p>\n<p>&nbsp;<\/p>\n<p>&nbsp;<\/p>\n<p>&nbsp;<\/p>\n","protected":false},"excerpt":{"rendered":"<p>El Gobierno de\u00a0San Juan se puso a disposici\u00f3n de la Provincia de Corrientes con el objetivo de asistir y colaborar<\/p>\n","protected":false},"author":3,"featured_media":46379,"comment_status":"closed","ping_status":"closed","sticky":false,"template":"","format":"standard","meta":{"_acf_changed":false,"_seopress_robots_primary_cat":"none","_seopress_titles_title":"","_seopress_titles_desc":"","_seopress_robots_index":"","colormag_page_container_layout":"default_layout","colormag_page_sidebar_layout":"default_layout","footnotes":""},"categories":[6],"tags":[],"class_list":["post-46377","post","type-post","status-publish","format-standard","has-post-thumbnail","hentry","category-eventos"],"acf":[],"_links":{"self":[{"href":"https:\/\/vocesparalelas.com.ar\/sitio\/wp-json\/wp\/v2\/posts\/46377","targetHints":{"allow":["GET"]}}],"collection":[{"href":"https:\/\/vocesparalelas.com.ar\/sitio\/wp-json\/wp\/v2\/posts"}],"about":[{"href":"https:\/\/vocesparalelas.com.ar\/sitio\/wp-json\/wp\/v2\/types\/post"}],"author":[{"embeddable":true,"href":"https:\/\/vocesparalelas.com.ar\/sitio\/wp-json\/wp\/v2\/users\/3"}],"replies":[{"embeddable":true,"href":"https:\/\/vocesparalelas.com.ar\/sitio\/wp-json\/wp\/v2\/comments?post=46377"}],"version-history":[{"count":1,"href":"https:\/\/vocesparalelas.com.ar\/sitio\/wp-json\/wp\/v2\/posts\/46377\/revisions"}],"predecessor-version":[{"id":46382,"href":"https:\/\/vocesparalelas.com.ar\/sitio\/wp-json\/wp\/v2\/posts\/46377\/revisions\/46382"}],"wp:featuredmedia":[{"embeddable":true,"href":"https:\/\/vocesparalelas.com.ar\/sitio\/wp-json\/wp\/v2\/media\/46379"}],"wp:attachment":[{"href":"https:\/\/vocesparalelas.com.ar\/sitio\/wp-json\/wp\/v2\/media?parent=46377"}],"wp:term":[{"taxonomy":"category","embeddable":true,"href":"https:\/\/vocesparalelas.com.ar\/sitio\/wp-json\/wp\/v2\/categories?post=46377"},{"taxonomy":"post_tag","embeddable":true,"href":"https:\/\/vocesparalelas.com.ar\/sitio\/wp-json\/wp\/v2\/tags?post=46377"}],"curies":[{"name":"wp","href":"https:\/\/api.w.org\/{rel}","templated":true}]}}