{"id":46336,"date":"2022-02-17T23:43:12","date_gmt":"2022-02-18T02:43:12","guid":{"rendered":"https:\/\/vocesparalelas.com.ar\/sitio\/?p=46336"},"modified":"2022-02-18T23:00:39","modified_gmt":"2022-02-19T02:00:39","slug":"se-firmo-el-acta-113-en-la-paritaria-local-con-la-unsj","status":"publish","type":"post","link":"https:\/\/vocesparalelas.com.ar\/sitio\/se-firmo-el-acta-113-en-la-paritaria-local-con-la-unsj\/","title":{"rendered":"Se firm\u00f3 el Acta 113 en la Paritaria Local con la UNSJ"},"content":{"rendered":"<p>El Mi\u00e9rcoles, 16 de febrero, se reuni\u00f3 la Paritaria Local Docente de la Universidad Nacional de San Juan. Asistieron, en representaci\u00f3n de ADICUS, Prof. Jaime Barcelona, Prof. Daniel Quiroga, Arq. Augusto N\u00fa\u00f1ez y Prof. Sergio Castro.<\/p>\n<p>En la misma se acordaron los siguientes puntos:<\/p>\n<ul>\n<li>Adherir a las recomendaciones provenientes de la Resoluci\u00f3n 27\/2022 del Ministerio de Trabajo y del Comit\u00e9 COVID-19 de la UNSJ y Comit\u00e9 de Especialistas COVID-19.<\/li>\n<li>Las clases en los Institutos Preuniversitarios ser\u00e1n con modalidad presencial y sujetas al cumplimiento de los requisitos emitidos por la Resoluci\u00f3n 27\/2022 del Ministerio de Trabajo, el Consejo Federal de Educaci\u00f3n y Consejo Federal de Salud.<\/li>\n<li>Conformar comisiones para el tratamiento de R\u00e9gimen de Licencias y R\u00e9gimen de Incompatibilidad, Proyecto de R\u00e9gimen Laboral Espec\u00edfico para el Coro Universitario e implementaci\u00f3n de la Carrera Docente en los IPUs.<\/li>\n<\/ul>\n<p>La pr\u00f3xima reuni\u00f3n paritaria se realizar\u00e1 el 02 de marzo a fin de tratar la continuaci\u00f3n, en la medida de lo posible, de adaptar las actividades acad\u00e9micas en la modalidad presencial, como as\u00ed tambi\u00e9n tratar el Acta N\u00b0 8 de la Comisi\u00f3n Coordinadora Art. 73 de la FFHA.<\/p>\n<p>Desde ADICUS siguen trabajando en la defensa de los derechos de todas y todos los docentes de la UNSJ, buscando siempre cuidar la salud y el bienestar de toda la comunidad universitaria.<\/p>\n<p>#ADICUS #ElGremioUniversitario #ParitariaLocalDocente #UNSJ<\/p>\n","protected":false},"excerpt":{"rendered":"<p>El Mi\u00e9rcoles, 16 de febrero, se reuni\u00f3 la Paritaria Local Docente de la Universidad Nacional de San Juan. Asistieron, en<\/p>\n","protected":false},"author":3,"featured_media":12481,"comment_status":"closed","ping_status":"closed","sticky":false,"template":"","format":"standard","meta":{"_acf_changed":false,"_seopress_robots_primary_cat":"none","_seopress_titles_title":"","_seopress_titles_desc":"","_seopress_robots_index":"","colormag_page_container_layout":"default_layout","colormag_page_sidebar_layout":"default_layout","footnotes":""},"categories":[10],"tags":[],"class_list":["post-46336","post","type-post","status-publish","format-standard","has-post-thumbnail","hentry","category-opiniones"],"acf":[],"_links":{"self":[{"href":"https:\/\/vocesparalelas.com.ar\/sitio\/wp-json\/wp\/v2\/posts\/46336","targetHints":{"allow":["GET"]}}],"collection":[{"href":"https:\/\/vocesparalelas.com.ar\/sitio\/wp-json\/wp\/v2\/posts"}],"about":[{"href":"https:\/\/vocesparalelas.com.ar\/sitio\/wp-json\/wp\/v2\/types\/post"}],"author":[{"embeddable":true,"href":"https:\/\/vocesparalelas.com.ar\/sitio\/wp-json\/wp\/v2\/users\/3"}],"replies":[{"embeddable":true,"href":"https:\/\/vocesparalelas.com.ar\/sitio\/wp-json\/wp\/v2\/comments?post=46336"}],"version-history":[{"count":1,"href":"https:\/\/vocesparalelas.com.ar\/sitio\/wp-json\/wp\/v2\/posts\/46336\/revisions"}],"predecessor-version":[{"id":46338,"href":"https:\/\/vocesparalelas.com.ar\/sitio\/wp-json\/wp\/v2\/posts\/46336\/revisions\/46338"}],"wp:featuredmedia":[{"embeddable":true,"href":"https:\/\/vocesparalelas.com.ar\/sitio\/wp-json\/wp\/v2\/media\/12481"}],"wp:attachment":[{"href":"https:\/\/vocesparalelas.com.ar\/sitio\/wp-json\/wp\/v2\/media?parent=46336"}],"wp:term":[{"taxonomy":"category","embeddable":true,"href":"https:\/\/vocesparalelas.com.ar\/sitio\/wp-json\/wp\/v2\/categories?post=46336"},{"taxonomy":"post_tag","embeddable":true,"href":"https:\/\/vocesparalelas.com.ar\/sitio\/wp-json\/wp\/v2\/tags?post=46336"}],"curies":[{"name":"wp","href":"https:\/\/api.w.org\/{rel}","templated":true}]}}