{"id":46332,"date":"2022-02-18T20:40:22","date_gmt":"2022-02-18T23:40:22","guid":{"rendered":"https:\/\/vocesparalelas.com.ar\/sitio\/?p=46332"},"modified":"2022-02-21T00:01:09","modified_gmt":"2022-02-21T03:01:09","slug":"vi-congreso-bienal-de-la-seccion-argentina-del-ieee-en-san-juan","status":"publish","type":"post","link":"https:\/\/vocesparalelas.com.ar\/sitio\/vi-congreso-bienal-de-la-seccion-argentina-del-ieee-en-san-juan\/","title":{"rendered":"VI Congreso Bienal de la Secci\u00f3n Argentina del IEEE en San Juan"},"content":{"rendered":"<p>El Instituto de Energ\u00eda El\u00e9ctrica de la Universidad Nacional de San Juan \/ CONICET con la colaboraci\u00f3n de la Facultad de Ingenier\u00eda de la Universidad de Palermo organizan el VI Congreso Bienal de la Secci\u00f3n Argentina del IEEE, cuya sede es la Provincia de San Juan, Rep\u00fablica Argentina, del 7 al 9 de septiembre de 2022.<\/p>\n<p>Por ello, Voces Paralelas entrevist\u00f3 al presidente organizador General, Dr. Ing. Gast\u00f3n Orlando Suvire, quien nos explic\u00f3 de que se trata el evento tan importante para los IEEE del mundo.<\/p>\n<p><iframe loading=\"lazy\" title=\"FI UNSJ DR ING GASTON SUVIRE\" width=\"800\" height=\"450\" src=\"https:\/\/www.youtube.com\/embed\/eYFX71IOUcY?feature=oembed\" frameborder=\"0\" allow=\"accelerometer; autoplay; clipboard-write; encrypted-media; gyroscope; picture-in-picture\" allowfullscreen><\/iframe><\/p>\n<p>&nbsp;<\/p>\n<p>ARGENCON es el Congreso Bienal premium de la Secci\u00f3n Argentina del IEEE, sus objetivos son difundir y exponer<br \/>\nlos resultados m\u00e1s recientes, en investigaci\u00f3n y desarrollo, de las diversas ramas de ingenier\u00eda se desarrolla del 7 al 9 de septiembre de 2022, H\u00edbrido, presencial y virtual.<\/p>\n<p>Esta sexta edici\u00f3n abarca dos d\u00edas de actividades precongreso y tres d\u00edas de presentaciones orales de trabajos, conferencias plenarias, paneles de debate y sesiones de posters.<\/p>\n<p>El evento es organizado por el Instituto de Energ\u00eda El\u00e9ctrica de la Universidad Nacional de San Juan \/ CONICET, con la colaboraci\u00f3n de la Facultad de Ingenier\u00eda de la Universidad de Palermo.<\/p>\n<p>Invitan a toda la comunidad a enviar sus ponencias para el Congreso.<\/p>\n<p>Temas de inter\u00e9s (listado no excluyente):<\/p>\n<p>\u2794 Aplicaciones Industriales y Electr\u00f3nica de Potencia<br \/>\n\u2794 Automatizaci\u00f3n y Control<br \/>\n\u2794 Bioingenier\u00eda<br \/>\n\u2794 Ciberseguridad y Ciberdefensa<br \/>\n\u2794 Compatibilidad Electromagn\u00e9tica,<\/p>\n<p>Antenas y Propagaci\u00f3n<\/p>\n<p>\u2794 Comunicaciones<br \/>\n\u2794 Educaci\u00f3n<br \/>\n\u2794 Geociencia y Sensado Remoto<\/p>\n<p>\u2794 Ingenier\u00eda de Software<br \/>\n\u2794 Ingenier\u00eda Oce\u00e1nica<br \/>\n\u2794 Inteligencia Computacional<br \/>\n\u2794 Potencia y Energ\u00eda<br \/>\n\u2794 Procesamiento de Se\u00f1ales<br \/>\n\u2794 Rob\u00f3tica<br \/>\n\u2794 Videojuegos y Gamificaci\u00f3n<br \/>\n\u2794 Diversidad e Inclusi\u00f3n en Ingenier\u00eda<br \/>\n\u2794 \u00c9tica en Ingenier\u00eda<\/p>\n<p><strong><span style=\"color: #800080;\">Fechas importantes<\/span><\/strong><\/p>\n<ul>\n<li>Env\u00edo de trabajos 04\/04\/2022<\/li>\n<li>Propuesta tutoriales y talleres 25\/04\/2022 (*)<\/li>\n<\/ul>\n<p><strong><span style=\"color: #800080;\">Notificaci\u00f3n de aceptaci\u00f3n<\/span><\/strong><\/p>\n<ul>\n<li>Art\u00edculos 09\/05\/2022<\/li>\n<li>Talleres y tutoriales 09\/05\/2022<\/li>\n<\/ul>\n<p><strong><span style=\"color: #800080;\">Env\u00edo de versiones finales de art\u00edculos <\/span><\/strong><\/p>\n<ul>\n<li>13\/06\/2022<\/li>\n<\/ul>\n<p><span style=\"color: #800080;\"><strong>Inscripci\u00f3n temprana<\/strong><\/span><\/p>\n<ul>\n<li>04\/04\/2022 al 12\/06\/2022<\/li>\n<\/ul>\n<p><span style=\"color: #800080;\"><strong>Inscripci\u00f3n regular<\/strong><\/span><\/p>\n<ul>\n<li>13\/06\/2022 al 09\/09\/2022<\/li>\n<\/ul>\n<p><strong><span style=\"color: #800080;\">Precongreso ARGENCON 2022<\/span><\/strong><\/p>\n<ul>\n<li>05\/09\/2022 y 06\/09\/2022<\/li>\n<\/ul>\n<p><strong><span style=\"color: #800080;\">Congreso ARGENCON 2022<\/span><\/strong><\/p>\n<ul>\n<li>07\/09\/2022 al 09\/09\/2022<\/li>\n<\/ul>\n<p>El manuscrito debe confeccionarse de acuerdo a las instrucciones de alguno de los dos archivos que se presentan a continuaci\u00f3n<\/p>\n<p><a href=\"http:\/\/site.ieee.org\/argencon\/files\/2015\/09\/argencon_word_template_a4.doc\">http:\/\/site.ieee.org\/argencon\/files\/2015\/09\/argencon_word_template_a4.doc<\/a><\/p>\n<p><a href=\"http:\/\/site.ieee.org\/argencon\/files\/2015\/09\/argencon_latex_template_a4.zip\">http:\/\/site.ieee.org\/argencon\/files\/2015\/09\/argencon_latex_template_a4.zip<\/a><\/p>\n<p><span style=\"color: #800080;\"><strong>Comit\u00e9 organizador<\/strong><\/span><\/p>\n<p><strong><span style=\"color: #800080;\">Organizaci\u00f3n General: <\/span><\/strong><\/p>\n<p>Dr. Ing. Gast\u00f3n Orlando Suvire<br \/>\nPresidente<br \/>\nDr. Ing. Andr\u00e9s Romero Quete<br \/>\nVicepresidente<br \/>\nComit\u00e9 Cient\u00edfico:<br \/>\nDr. Ing. Marcelo Molina<br \/>\nPresidente<br \/>\nDr. Ing. Rolando Pringles<br \/>\nVicepresidente<br \/>\nMsc. Ing. M\u00e1ximo Paz Iaconis<br \/>\nVicepresidente<\/p>\n<p>(*) Para proponer tutoriales y talleres, tendr\u00e1 que contactar a los respectivos Chairs de Programa. La informaci\u00f3n<br \/>\nestar\u00e1 disponible a partir de febrero de 2022.<\/p>\n<p>Web del evento:\u00a0<a href=\"http:\/\/www.argencon.org.ar\">http:\/\/www.argencon.org.ar<\/a><\/p>\n<p>Mail de contacto:\u00a0<a href=\"http:\/\/argencon@ieee.org.a\">http:\/\/argencon@ieee.org.a<\/a><\/p>\n<p><strong><span style=\"color: #800080;\">Documento Adjunto<\/span><\/strong><\/p>\n<p><a href=\"https:\/\/vocesparalelas.com.ar\/sitio\/wp-content\/uploads\/2022\/02\/IEEE-ARGENCON-2022.pdf\">IEEE ARGENCON 2022<\/a><\/p>\n<p>&nbsp;<\/p>\n<p><img loading=\"lazy\" decoding=\"async\" class=\"alignnone size-large wp-image-25439\" src=\"https:\/\/vocesparalelas.com.ar\/sitio\/wp-content\/uploads\/2019\/11\/FI-ESTACION-SOLAR-02-800x533.jpg\" alt=\"\" width=\"800\" height=\"533\" srcset=\"https:\/\/vocesparalelas.com.ar\/sitio\/wp-content\/uploads\/2019\/11\/FI-ESTACION-SOLAR-02.jpg 800w, https:\/\/vocesparalelas.com.ar\/sitio\/wp-content\/uploads\/2019\/11\/FI-ESTACION-SOLAR-02-300x200.jpg 300w, https:\/\/vocesparalelas.com.ar\/sitio\/wp-content\/uploads\/2019\/11\/FI-ESTACION-SOLAR-02-768x512.jpg 768w\" sizes=\"auto, (max-width: 800px) 100vw, 800px\" \/><\/p>\n","protected":false},"excerpt":{"rendered":"<p>El Instituto de Energ\u00eda El\u00e9ctrica de la Universidad Nacional de San Juan \/ CONICET con la colaboraci\u00f3n de la Facultad<\/p>\n","protected":false},"author":3,"featured_media":46347,"comment_status":"closed","ping_status":"closed","sticky":false,"template":"","format":"video","meta":{"_acf_changed":false,"_seopress_robots_primary_cat":"none","_seopress_titles_title":"","_seopress_titles_desc":"","_seopress_robots_index":"","colormag_page_container_layout":"default_layout","colormag_page_sidebar_layout":"default_layout","footnotes":""},"categories":[9,7],"tags":[],"class_list":["post-46332","post","type-post","status-publish","format-video","has-post-thumbnail","hentry","category-cursos","category-videos","post_format-post-format-video"],"acf":[],"_links":{"self":[{"href":"https:\/\/vocesparalelas.com.ar\/sitio\/wp-json\/wp\/v2\/posts\/46332","targetHints":{"allow":["GET"]}}],"collection":[{"href":"https:\/\/vocesparalelas.com.ar\/sitio\/wp-json\/wp\/v2\/posts"}],"about":[{"href":"https:\/\/vocesparalelas.com.ar\/sitio\/wp-json\/wp\/v2\/types\/post"}],"author":[{"embeddable":true,"href":"https:\/\/vocesparalelas.com.ar\/sitio\/wp-json\/wp\/v2\/users\/3"}],"replies":[{"embeddable":true,"href":"https:\/\/vocesparalelas.com.ar\/sitio\/wp-json\/wp\/v2\/comments?post=46332"}],"version-history":[{"count":4,"href":"https:\/\/vocesparalelas.com.ar\/sitio\/wp-json\/wp\/v2\/posts\/46332\/revisions"}],"predecessor-version":[{"id":46350,"href":"https:\/\/vocesparalelas.com.ar\/sitio\/wp-json\/wp\/v2\/posts\/46332\/revisions\/46350"}],"wp:featuredmedia":[{"embeddable":true,"href":"https:\/\/vocesparalelas.com.ar\/sitio\/wp-json\/wp\/v2\/media\/46347"}],"wp:attachment":[{"href":"https:\/\/vocesparalelas.com.ar\/sitio\/wp-json\/wp\/v2\/media?parent=46332"}],"wp:term":[{"taxonomy":"category","embeddable":true,"href":"https:\/\/vocesparalelas.com.ar\/sitio\/wp-json\/wp\/v2\/categories?post=46332"},{"taxonomy":"post_tag","embeddable":true,"href":"https:\/\/vocesparalelas.com.ar\/sitio\/wp-json\/wp\/v2\/tags?post=46332"}],"curies":[{"name":"wp","href":"https:\/\/api.w.org\/{rel}","templated":true}]}}