{"id":46321,"date":"2022-02-17T21:02:18","date_gmt":"2022-02-18T00:02:18","guid":{"rendered":"https:\/\/vocesparalelas.com.ar\/sitio\/?p=46321"},"modified":"2022-02-18T23:01:29","modified_gmt":"2022-02-19T02:01:29","slug":"reunion-con-secretarios-generales-de-ctera","status":"publish","type":"post","link":"https:\/\/vocesparalelas.com.ar\/sitio\/reunion-con-secretarios-generales-de-ctera\/","title":{"rendered":"Reuni\u00f3n con Secretarios Generales de CTERA"},"content":{"rendered":"<div class=\"kvgmc6g5 cxmmr5t8 oygrvhab hcukyx3x c1et5uql ii04i59q\">\n<div dir=\"auto\">El Mi\u00e9rcoles, 16 de Febrero se reuni\u00f3 la Junta Ejecutiva y el Plenario de Secretarias y Secretarios Generales de CTERA presidida por la Secretaria General, Prof. Sonia Alesso y el Secretario General Adjunto, Prof. Roberto Baradel.<\/div>\n<div dir=\"auto\"><\/div>\n<\/div>\n<div class=\"cxmmr5t8 oygrvhab hcukyx3x c1et5uql o9v6fnle ii04i59q\">\n<div dir=\"auto\">La Secretaria General, Prof. Sonia Alesso, hizo un informe sobre las reuniones de Paritaria Nacional Docente, donde se abordaron los temas: mejora del salario, condiciones laborales y protocolos para una presencialidad cuidada, la formaci\u00f3n docente, el Convenio Colectivo marco de las y los trabajadores de la educaci\u00f3n y la situaci\u00f3n salarial de las y los jubilados nacionales.<\/div>\n<div dir=\"auto\"><\/div>\n<div dir=\"auto\">La Secretaria General destac\u00f3 la importancia del acuerdo que se firm\u00f3 en la reuni\u00f3n de Paritaria Nacional del martes 15 de febrero, sobre Programa Nacional de Formaci\u00f3n Docente permanente, gratuita y en ejercicio \u201cNuestra Escuela\u00bb, que es un logro important\u00edsimo y que estar\u00e1 a cargo del Gobierno Nacional, los gobiernos nacionales, los sindicatos, las universidades p\u00fablicas y los institutos terciarios.<\/div>\n<div dir=\"auto\"><\/div>\n<div dir=\"auto\">Asimismo, inform\u00f3 sobre la inversi\u00f3n con fondos del Gobierno Nacional en infraestructura, edificios escolares, materiales de higiene, entre otros.<\/div>\n<div dir=\"auto\"><\/div>\n<div dir=\"auto\">En lo salarial la organizaci\u00f3n demand\u00f3 que el piso salarial recupere lo perdido durante el macrismo, y que el aumento est\u00e9 sujeto a pautas de revisi\u00f3n para que no se pierda el poder adquisitivo de las y los docentes.<\/div>\n<div dir=\"auto\"><\/div>\n<div dir=\"auto\">Adem\u00e1s, se inform\u00f3 sobre las reuniones realizadas por los Secretarias y Secretarios de Salud laboral de CTERA para discutir los protocolos y la presencialidad cuidada en todo el pa\u00eds.<\/div>\n<div dir=\"auto\"><\/div>\n<div dir=\"auto\">La Paritaria Nacional Docente pas\u00f3 a un cuarto intermedio hasta la semana que viene donde se avanzar\u00e1 en la discusi\u00f3n del piso salarial, el FONID y Conectividad.<\/div>\n<div dir=\"auto\"><\/div>\n<div dir=\"auto\">Los Secretarios Generales brindaron un panorama de la situaci\u00f3n en sus provincias.<\/div>\n<div dir=\"auto\"><\/div>\n<div dir=\"auto\">El Plenario de Secretarios Generales expres\u00f3 su solidaridad ante la criminalizaci\u00f3n de la protesta social y el procesamiento a compa\u00f1eras y compa\u00f1eros de ATECH &#8211; Chubut &#8211; , y de las y los docentes de ADOSAC \u2013 Santa Cruz -, sumariados y desplazados en el 2019.<\/div>\n<div dir=\"auto\"><\/div>\n<div dir=\"auto\">Tambi\u00e9n, la Secretaria General inform\u00f3 que el Viernes, 25 de Febrero CTERA realizar\u00e1 el Congreso Ordinario y Extraordinario.<\/div>\n<\/div>\n<div dir=\"auto\"><\/div>\n","protected":false},"excerpt":{"rendered":"<p>El Mi\u00e9rcoles, 16 de Febrero se reuni\u00f3 la Junta Ejecutiva y el Plenario de Secretarias y Secretarios Generales de CTERA<\/p>\n","protected":false},"author":3,"featured_media":46323,"comment_status":"closed","ping_status":"closed","sticky":false,"template":"","format":"standard","meta":{"_acf_changed":false,"_seopress_robots_primary_cat":"none","_seopress_titles_title":"","_seopress_titles_desc":"","_seopress_robots_index":"","colormag_page_container_layout":"default_layout","colormag_page_sidebar_layout":"default_layout","footnotes":""},"categories":[10],"tags":[],"class_list":["post-46321","post","type-post","status-publish","format-standard","has-post-thumbnail","hentry","category-opiniones"],"acf":[],"_links":{"self":[{"href":"https:\/\/vocesparalelas.com.ar\/sitio\/wp-json\/wp\/v2\/posts\/46321","targetHints":{"allow":["GET"]}}],"collection":[{"href":"https:\/\/vocesparalelas.com.ar\/sitio\/wp-json\/wp\/v2\/posts"}],"about":[{"href":"https:\/\/vocesparalelas.com.ar\/sitio\/wp-json\/wp\/v2\/types\/post"}],"author":[{"embeddable":true,"href":"https:\/\/vocesparalelas.com.ar\/sitio\/wp-json\/wp\/v2\/users\/3"}],"replies":[{"embeddable":true,"href":"https:\/\/vocesparalelas.com.ar\/sitio\/wp-json\/wp\/v2\/comments?post=46321"}],"version-history":[{"count":1,"href":"https:\/\/vocesparalelas.com.ar\/sitio\/wp-json\/wp\/v2\/posts\/46321\/revisions"}],"predecessor-version":[{"id":46324,"href":"https:\/\/vocesparalelas.com.ar\/sitio\/wp-json\/wp\/v2\/posts\/46321\/revisions\/46324"}],"wp:featuredmedia":[{"embeddable":true,"href":"https:\/\/vocesparalelas.com.ar\/sitio\/wp-json\/wp\/v2\/media\/46323"}],"wp:attachment":[{"href":"https:\/\/vocesparalelas.com.ar\/sitio\/wp-json\/wp\/v2\/media?parent=46321"}],"wp:term":[{"taxonomy":"category","embeddable":true,"href":"https:\/\/vocesparalelas.com.ar\/sitio\/wp-json\/wp\/v2\/categories?post=46321"},{"taxonomy":"post_tag","embeddable":true,"href":"https:\/\/vocesparalelas.com.ar\/sitio\/wp-json\/wp\/v2\/tags?post=46321"}],"curies":[{"name":"wp","href":"https:\/\/api.w.org\/{rel}","templated":true}]}}