{"id":46302,"date":"2022-02-17T19:12:57","date_gmt":"2022-02-17T22:12:57","guid":{"rendered":"https:\/\/vocesparalelas.com.ar\/sitio\/?p=46302"},"modified":"2022-02-18T23:03:12","modified_gmt":"2022-02-19T02:03:12","slug":"becas-de-transporte-para-alumnos-secundario-terciario-y-universitario-de-san-juan","status":"publish","type":"post","link":"https:\/\/vocesparalelas.com.ar\/sitio\/becas-de-transporte-para-alumnos-secundario-terciario-y-universitario-de-san-juan\/","title":{"rendered":"Becas de transporte para alumnos secundario, terciario y universitario de San Juan"},"content":{"rendered":"<p>El Gobierno de San Juan, a trav\u00e9s del Ministerio de Desarrollo Humano y Promoci\u00f3n Social, lanz\u00f3 una nueva edici\u00f3n de las becas de transporte, el programa que busca apoyar a las juventudes de San Juan que se encuentran estudiando en los niveles secundario, terciario y\/o universitario tanto p\u00fablicos como privados.<\/p>\n<p>Se trata de una iniciativa la cual consta de 42 boletos mensuales a acreditar de manera gratuita en la tarjeta SUBE de cada beneficiario, con el fin de garantiza el acceso a la educaci\u00f3n de j\u00f3venes de los 19 departamentos.<\/p>\n<p>Precisamente, gracias a una gesti\u00f3n del Estado provincial, por primera vez se incorporar\u00e1 tambi\u00e9n a aquellos estudiantes que residan y asistan a establecimientos educativos dentro de los cuatro departamentos de J\u00e1chal, Valle F\u00e9rtil, Calingasta e Iglesia.<\/p>\n<p>De esta manera, se garantizar\u00e1 un mayor alcance y cobertura del beneficio en cada comuna de San Juan. A su vez, tambi\u00e9n este a\u00f1o se realizar\u00e1 un incremento en el n\u00famero de participantes, llevando el total a 10.000 j\u00f3venes de entre 16 y 30 a\u00f1os, contemplados dentro del programa de becas.<\/p>\n<p>En ese sentido, desde este mi\u00e9rcoles 17 de febrero y hasta el pr\u00f3ximo 4 de marzo, permanecer\u00e1n abiertas las inscripciones a trav\u00e9s del sitio web oficial de la Direcci\u00f3n www.somosjuventudes.com.ar. All\u00ed, cada joven interesado deber\u00e1 registrarse y completar el formulario correspondiente.<\/p>\n<p><span style=\"color: #008000;\"><strong>Requisitos<\/strong><\/span><\/p>\n<ul>\n<li>Edad 16 a 30 a\u00f1os.<\/li>\n<li>Certificado de escolaridad, foto de inscripci\u00f3n y\/o constancia de inscripci\u00f3n de la carrea que estudia.<\/li>\n<li>En el grupo familiar no deben superar ingresos de m\u00e1s de 3 salarios m\u00ednimos vitales.<\/li>\n<li>Esta Beca No es compatible con Beca Progresar y Beca Conectividad.<\/li>\n<\/ul>\n<p>&nbsp;<\/p>\n<p>&nbsp;<\/p>\n<p>&nbsp;<\/p>\n","protected":false},"excerpt":{"rendered":"<p>El Gobierno de San Juan, a trav\u00e9s del Ministerio de Desarrollo Humano y Promoci\u00f3n Social, lanz\u00f3 una nueva edici\u00f3n de<\/p>\n","protected":false},"author":3,"featured_media":26759,"comment_status":"closed","ping_status":"closed","sticky":false,"template":"","format":"standard","meta":{"_acf_changed":false,"_seopress_robots_primary_cat":"none","_seopress_titles_title":"","_seopress_titles_desc":"","_seopress_robots_index":"","colormag_page_container_layout":"default_layout","colormag_page_sidebar_layout":"default_layout","footnotes":""},"categories":[5],"tags":[],"class_list":["post-46302","post","type-post","status-publish","format-standard","has-post-thumbnail","hentry","category-ofrecimientos"],"acf":[],"_links":{"self":[{"href":"https:\/\/vocesparalelas.com.ar\/sitio\/wp-json\/wp\/v2\/posts\/46302","targetHints":{"allow":["GET"]}}],"collection":[{"href":"https:\/\/vocesparalelas.com.ar\/sitio\/wp-json\/wp\/v2\/posts"}],"about":[{"href":"https:\/\/vocesparalelas.com.ar\/sitio\/wp-json\/wp\/v2\/types\/post"}],"author":[{"embeddable":true,"href":"https:\/\/vocesparalelas.com.ar\/sitio\/wp-json\/wp\/v2\/users\/3"}],"replies":[{"embeddable":true,"href":"https:\/\/vocesparalelas.com.ar\/sitio\/wp-json\/wp\/v2\/comments?post=46302"}],"version-history":[{"count":1,"href":"https:\/\/vocesparalelas.com.ar\/sitio\/wp-json\/wp\/v2\/posts\/46302\/revisions"}],"predecessor-version":[{"id":46304,"href":"https:\/\/vocesparalelas.com.ar\/sitio\/wp-json\/wp\/v2\/posts\/46302\/revisions\/46304"}],"wp:featuredmedia":[{"embeddable":true,"href":"https:\/\/vocesparalelas.com.ar\/sitio\/wp-json\/wp\/v2\/media\/26759"}],"wp:attachment":[{"href":"https:\/\/vocesparalelas.com.ar\/sitio\/wp-json\/wp\/v2\/media?parent=46302"}],"wp:term":[{"taxonomy":"category","embeddable":true,"href":"https:\/\/vocesparalelas.com.ar\/sitio\/wp-json\/wp\/v2\/categories?post=46302"},{"taxonomy":"post_tag","embeddable":true,"href":"https:\/\/vocesparalelas.com.ar\/sitio\/wp-json\/wp\/v2\/tags?post=46302"}],"curies":[{"name":"wp","href":"https:\/\/api.w.org\/{rel}","templated":true}]}}